{"id":1600,"date":"2021-11-04T16:46:26","date_gmt":"2021-11-04T15:46:26","guid":{"rendered":"https:\/\/telemon.care\/?p=1600"},"modified":"2026-02-05T15:03:04","modified_gmt":"2026-02-05T14:03:04","slug":"telemedicina-pocas-pandemie","status":"publish","type":"post","link":"https:\/\/telemon.care\/sk\/telemedicina-pocas-pandemie\/","title":{"rendered":"Telemedic\u00edna po\u010das pand\u00e9mie"},"content":{"rendered":"<div class=\"elementor-element elementor-element-d09b7bc e-flex e-con-boxed e-con e-parent e-lazyloaded\" data-particle_enable=\"false\" data-particle-mobile-disabled=\"false\" data-id=\"d09b7bc\" data-element_type=\"container\">\n<div class=\"e-con-inner\">\n<div class=\"elementor-element elementor-element-f537c8e elementor-widget elementor-widget-text-editor\" data-id=\"f537c8e\" data-element_type=\"widget\" data-widget_type=\"text-editor.default\">\n<div class=\"elementor-widget-container\">\n<h4>D\u0148a 1.11. 2021 odvysielala RTVS vo ve\u010dernej report\u00e1\u017ei pr\u00edspevok o pr\u00ednosoch telemedic\u00edny.<\/h4>\n<\/div>\n<\/div>\n<\/div>\n<\/div>\n<div class=\"elementor-element elementor-element-b5e50b4 e-flex e-con-boxed e-con e-parent e-lazyloaded\" data-particle_enable=\"false\" data-particle-mobile-disabled=\"false\" data-id=\"b5e50b4\" data-element_type=\"container\">\n<div class=\"e-con-inner\">\n<div class=\"elementor-element elementor-element-d259144 elementor-widget elementor-widget-text-editor\" data-id=\"d259144\" data-element_type=\"widget\" data-widget_type=\"text-editor.default\">\n<div class=\"elementor-widget-container\">\n<p>Lek\u00e1ri a pacienti zapojen\u00ed do n\u00e1\u0161ho pilotn\u00e9ho projektu rozpr\u00e1vaj\u00fa o vyu\u017eit\u00ed telemedic\u00ednskych zariaden\u00ed a ich aplik\u00e1cie napr\u00edklad aj v stavoch po prekonan\u00ed ochorenia Covid-19.<\/p>\n<h4><a href=\"https:\/\/www.stvr.sk\/televizia\/archiv\/21274\/294144#1630\">Prehra\u0165 video<\/a><\/h4>\n<p>Minut\u00e1\u017e: 27:40<br \/>\n<img decoding=\"async\" class=\"alignnone wp-image-1601\" src=\"https:\/\/telemon.care\/wp-content\/uploads\/2026\/02\/Snimka-obrazovky-2026-02-04-o-16.48.19-300x165.png\" alt=\"\" width=\"771\" height=\"424\" srcset=\"https:\/\/telemon.care\/wp-content\/uploads\/2026\/02\/Snimka-obrazovky-2026-02-04-o-16.48.19-300x165.png 300w, https:\/\/telemon.care\/wp-content\/uploads\/2026\/02\/Snimka-obrazovky-2026-02-04-o-16.48.19-1024x562.png 1024w, https:\/\/telemon.care\/wp-content\/uploads\/2026\/02\/Snimka-obrazovky-2026-02-04-o-16.48.19-768x421.png 768w, https:\/\/telemon.care\/wp-content\/uploads\/2026\/02\/Snimka-obrazovky-2026-02-04-o-16.48.19-1536x843.png 1536w, https:\/\/telemon.care\/wp-content\/uploads\/2026\/02\/Snimka-obrazovky-2026-02-04-o-16.48.19.png 1662w\" sizes=\"(max-width: 771px) 100vw, 771px\" \/><\/p>\n<\/div>\n<\/div>\n<\/div>\n<\/div>\n","protected":false},"excerpt":{"rendered":"<p>D\u0148a 1.11. 2021 odvysielala RTVS vo ve\u010dernej report\u00e1\u017ei pr\u00edspevok o pr\u00ednosoch telemedic\u00edny. Lek\u00e1ri a pacienti zapojen\u00ed do n\u00e1\u0161ho pilotn\u00e9ho projektu rozpr\u00e1vaj\u00fa o vyu\u017eit\u00ed telemedic\u00ednskych zariaden\u00ed a ich aplik\u00e1cie napr\u00edklad aj v stavoch po prekonan\u00ed ochorenia Covid-19. Prehra\u0165 video Minut\u00e1\u017e: 27:40<\/p>\n","protected":false},"author":2,"featured_media":1605,"comment_status":"open","ping_status":"open","sticky":false,"template":"","format":"standard","meta":{"_acf_changed":false,"footnotes":""},"categories":[47],"tags":[],"class_list":["post-1600","post","type-post","status-publish","format-standard","has-post-thumbnail","hentry","category-telemedicina"],"acf":[],"yoast_head":"<!-- This site is optimized with the Yoast SEO plugin v27.4 - https:\/\/yoast.com\/product\/yoast-seo-wordpress\/ -->\n<title>Telemedic\u00edna po\u010das pand\u00e9mie - Telemon<\/title>\n<meta name=\"robots\" content=\"index, follow, max-snippet:-1, max-image-preview:large, max-video-preview:-1\" \/>\n<link rel=\"canonical\" href=\"https:\/\/telemon.care\/sk\/telemedicina-pocas-pandemie\/\" \/>\n<meta property=\"og:locale\" content=\"sk_SK\" \/>\n<meta property=\"og:type\" content=\"article\" \/>\n<meta property=\"og:title\" content=\"Telemedic\u00edna po\u010das pand\u00e9mie - Telemon\" \/>\n<meta property=\"og:description\" content=\"D\u0148a 1.11. 2021 odvysielala RTVS vo ve\u010dernej report\u00e1\u017ei pr\u00edspevok o pr\u00ednosoch telemedic\u00edny. Lek\u00e1ri a pacienti zapojen\u00ed do n\u00e1\u0161ho pilotn\u00e9ho projektu rozpr\u00e1vaj\u00fa o vyu\u017eit\u00ed telemedic\u00ednskych zariaden\u00ed a ich aplik\u00e1cie napr\u00edklad aj v stavoch po prekonan\u00ed ochorenia Covid-19. Prehra\u0165 video Minut\u00e1\u017e: 27:40\" \/>\n<meta property=\"og:url\" content=\"https:\/\/telemon.care\/sk\/telemedicina-pocas-pandemie\/\" \/>\n<meta property=\"og:site_name\" content=\"Telemon\" \/>\n<meta property=\"article:published_time\" content=\"2021-11-04T15:46:26+00:00\" \/>\n<meta property=\"article:modified_time\" content=\"2026-02-05T14:03:04+00:00\" \/>\n<meta property=\"og:image\" content=\"https:\/\/telemon.care\/wp-content\/uploads\/2021\/11\/telemon_pandemia.webp\" \/>\n\t<meta property=\"og:image:width\" content=\"2160\" \/>\n\t<meta property=\"og:image:height\" content=\"1440\" \/>\n\t<meta property=\"og:image:type\" content=\"image\/webp\" \/>\n<meta name=\"author\" content=\"\u013dudmila Slez\u00e1kov\u00e1\" \/>\n<meta name=\"twitter:card\" content=\"summary_large_image\" \/>\n<meta name=\"twitter:label1\" content=\"Autor\" \/>\n\t<meta name=\"twitter:data1\" content=\"\u013dudmila Slez\u00e1kov\u00e1\" \/>\n<script type=\"application\/ld+json\" class=\"yoast-schema-graph\">{\"@context\":\"https:\\\/\\\/schema.org\",\"@graph\":[{\"@type\":\"Article\",\"@id\":\"https:\\\/\\\/telemon.care\\\/sk\\\/telemedicina-pocas-pandemie\\\/#article\",\"isPartOf\":{\"@id\":\"https:\\\/\\\/telemon.care\\\/sk\\\/telemedicina-pocas-pandemie\\\/\"},\"author\":{\"name\":\"\u013dudmila Slez\u00e1kov\u00e1\",\"@id\":\"https:\\\/\\\/telemon.care\\\/sk\\\/#\\\/schema\\\/person\\\/38dd92134beb968722163325134e886b\"},\"headline\":\"Telemedic\u00edna po\u010das pand\u00e9mie\",\"datePublished\":\"2021-11-04T15:46:26+00:00\",\"dateModified\":\"2026-02-05T14:03:04+00:00\",\"mainEntityOfPage\":{\"@id\":\"https:\\\/\\\/telemon.care\\\/sk\\\/telemedicina-pocas-pandemie\\\/\"},\"wordCount\":57,\"commentCount\":0,\"image\":{\"@id\":\"https:\\\/\\\/telemon.care\\\/sk\\\/telemedicina-pocas-pandemie\\\/#primaryimage\"},\"thumbnailUrl\":\"https:\\\/\\\/telemon.care\\\/wp-content\\\/uploads\\\/2021\\\/11\\\/telemon_pandemia.webp\",\"articleSection\":[\"Telemedic\u00edna\"],\"inLanguage\":\"sk-SK\",\"potentialAction\":[{\"@type\":\"CommentAction\",\"name\":\"Comment\",\"target\":[\"https:\\\/\\\/telemon.care\\\/sk\\\/telemedicina-pocas-pandemie\\\/#respond\"]}]},{\"@type\":\"WebPage\",\"@id\":\"https:\\\/\\\/telemon.care\\\/sk\\\/telemedicina-pocas-pandemie\\\/\",\"url\":\"https:\\\/\\\/telemon.care\\\/sk\\\/telemedicina-pocas-pandemie\\\/\",\"name\":\"Telemedic\u00edna po\u010das pand\u00e9mie - Telemon\",\"isPartOf\":{\"@id\":\"https:\\\/\\\/telemon.care\\\/sk\\\/#website\"},\"primaryImageOfPage\":{\"@id\":\"https:\\\/\\\/telemon.care\\\/sk\\\/telemedicina-pocas-pandemie\\\/#primaryimage\"},\"image\":{\"@id\":\"https:\\\/\\\/telemon.care\\\/sk\\\/telemedicina-pocas-pandemie\\\/#primaryimage\"},\"thumbnailUrl\":\"https:\\\/\\\/telemon.care\\\/wp-content\\\/uploads\\\/2021\\\/11\\\/telemon_pandemia.webp\",\"datePublished\":\"2021-11-04T15:46:26+00:00\",\"dateModified\":\"2026-02-05T14:03:04+00:00\",\"author\":{\"@id\":\"https:\\\/\\\/telemon.care\\\/sk\\\/#\\\/schema\\\/person\\\/38dd92134beb968722163325134e886b\"},\"breadcrumb\":{\"@id\":\"https:\\\/\\\/telemon.care\\\/sk\\\/telemedicina-pocas-pandemie\\\/#breadcrumb\"},\"inLanguage\":\"sk-SK\",\"potentialAction\":[{\"@type\":\"ReadAction\",\"target\":[\"https:\\\/\\\/telemon.care\\\/sk\\\/telemedicina-pocas-pandemie\\\/\"]}]},{\"@type\":\"ImageObject\",\"inLanguage\":\"sk-SK\",\"@id\":\"https:\\\/\\\/telemon.care\\\/sk\\\/telemedicina-pocas-pandemie\\\/#primaryimage\",\"url\":\"https:\\\/\\\/telemon.care\\\/wp-content\\\/uploads\\\/2021\\\/11\\\/telemon_pandemia.webp\",\"contentUrl\":\"https:\\\/\\\/telemon.care\\\/wp-content\\\/uploads\\\/2021\\\/11\\\/telemon_pandemia.webp\",\"width\":2160,\"height\":1440},{\"@type\":\"BreadcrumbList\",\"@id\":\"https:\\\/\\\/telemon.care\\\/sk\\\/telemedicina-pocas-pandemie\\\/#breadcrumb\",\"itemListElement\":[{\"@type\":\"ListItem\",\"position\":1,\"name\":\"Domovsk\u00e1 str\u00e1nka\",\"item\":\"https:\\\/\\\/telemon.care\\\/sk\\\/\"},{\"@type\":\"ListItem\",\"position\":2,\"name\":\"Telemedic\u00edna po\u010das pand\u00e9mie\"}]},{\"@type\":\"WebSite\",\"@id\":\"https:\\\/\\\/telemon.care\\\/sk\\\/#website\",\"url\":\"https:\\\/\\\/telemon.care\\\/sk\\\/\",\"name\":\"Telemon\",\"description\":\"\",\"potentialAction\":[{\"@type\":\"SearchAction\",\"target\":{\"@type\":\"EntryPoint\",\"urlTemplate\":\"https:\\\/\\\/telemon.care\\\/sk\\\/?s={search_term_string}\"},\"query-input\":{\"@type\":\"PropertyValueSpecification\",\"valueRequired\":true,\"valueName\":\"search_term_string\"}}],\"inLanguage\":\"sk-SK\"},{\"@type\":\"Person\",\"@id\":\"https:\\\/\\\/telemon.care\\\/sk\\\/#\\\/schema\\\/person\\\/38dd92134beb968722163325134e886b\",\"name\":\"\u013dudmila Slez\u00e1kov\u00e1\"}]}<\/script>\n<!-- \/ Yoast SEO plugin. -->","yoast_head_json":{"title":"Telemedic\u00edna po\u010das pand\u00e9mie - Telemon","robots":{"index":"index","follow":"follow","max-snippet":"max-snippet:-1","max-image-preview":"max-image-preview:large","max-video-preview":"max-video-preview:-1"},"canonical":"https:\/\/telemon.care\/sk\/telemedicina-pocas-pandemie\/","og_locale":"sk_SK","og_type":"article","og_title":"Telemedic\u00edna po\u010das pand\u00e9mie - Telemon","og_description":"D\u0148a 1.11. 2021 odvysielala RTVS vo ve\u010dernej report\u00e1\u017ei pr\u00edspevok o pr\u00ednosoch telemedic\u00edny. Lek\u00e1ri a pacienti zapojen\u00ed do n\u00e1\u0161ho pilotn\u00e9ho projektu rozpr\u00e1vaj\u00fa o vyu\u017eit\u00ed telemedic\u00ednskych zariaden\u00ed a ich aplik\u00e1cie napr\u00edklad aj v stavoch po prekonan\u00ed ochorenia Covid-19. Prehra\u0165 video Minut\u00e1\u017e: 27:40","og_url":"https:\/\/telemon.care\/sk\/telemedicina-pocas-pandemie\/","og_site_name":"Telemon","article_published_time":"2021-11-04T15:46:26+00:00","article_modified_time":"2026-02-05T14:03:04+00:00","og_image":[{"width":2160,"height":1440,"url":"https:\/\/telemon.care\/wp-content\/uploads\/2021\/11\/telemon_pandemia.webp","type":"image\/webp"}],"author":"\u013dudmila Slez\u00e1kov\u00e1","twitter_card":"summary_large_image","twitter_misc":{"Autor":"\u013dudmila Slez\u00e1kov\u00e1"},"schema":{"@context":"https:\/\/schema.org","@graph":[{"@type":"Article","@id":"https:\/\/telemon.care\/sk\/telemedicina-pocas-pandemie\/#article","isPartOf":{"@id":"https:\/\/telemon.care\/sk\/telemedicina-pocas-pandemie\/"},"author":{"name":"\u013dudmila Slez\u00e1kov\u00e1","@id":"https:\/\/telemon.care\/sk\/#\/schema\/person\/38dd92134beb968722163325134e886b"},"headline":"Telemedic\u00edna po\u010das pand\u00e9mie","datePublished":"2021-11-04T15:46:26+00:00","dateModified":"2026-02-05T14:03:04+00:00","mainEntityOfPage":{"@id":"https:\/\/telemon.care\/sk\/telemedicina-pocas-pandemie\/"},"wordCount":57,"commentCount":0,"image":{"@id":"https:\/\/telemon.care\/sk\/telemedicina-pocas-pandemie\/#primaryimage"},"thumbnailUrl":"https:\/\/telemon.care\/wp-content\/uploads\/2021\/11\/telemon_pandemia.webp","articleSection":["Telemedic\u00edna"],"inLanguage":"sk-SK","potentialAction":[{"@type":"CommentAction","name":"Comment","target":["https:\/\/telemon.care\/sk\/telemedicina-pocas-pandemie\/#respond"]}]},{"@type":"WebPage","@id":"https:\/\/telemon.care\/sk\/telemedicina-pocas-pandemie\/","url":"https:\/\/telemon.care\/sk\/telemedicina-pocas-pandemie\/","name":"Telemedic\u00edna po\u010das pand\u00e9mie - Telemon","isPartOf":{"@id":"https:\/\/telemon.care\/sk\/#website"},"primaryImageOfPage":{"@id":"https:\/\/telemon.care\/sk\/telemedicina-pocas-pandemie\/#primaryimage"},"image":{"@id":"https:\/\/telemon.care\/sk\/telemedicina-pocas-pandemie\/#primaryimage"},"thumbnailUrl":"https:\/\/telemon.care\/wp-content\/uploads\/2021\/11\/telemon_pandemia.webp","datePublished":"2021-11-04T15:46:26+00:00","dateModified":"2026-02-05T14:03:04+00:00","author":{"@id":"https:\/\/telemon.care\/sk\/#\/schema\/person\/38dd92134beb968722163325134e886b"},"breadcrumb":{"@id":"https:\/\/telemon.care\/sk\/telemedicina-pocas-pandemie\/#breadcrumb"},"inLanguage":"sk-SK","potentialAction":[{"@type":"ReadAction","target":["https:\/\/telemon.care\/sk\/telemedicina-pocas-pandemie\/"]}]},{"@type":"ImageObject","inLanguage":"sk-SK","@id":"https:\/\/telemon.care\/sk\/telemedicina-pocas-pandemie\/#primaryimage","url":"https:\/\/telemon.care\/wp-content\/uploads\/2021\/11\/telemon_pandemia.webp","contentUrl":"https:\/\/telemon.care\/wp-content\/uploads\/2021\/11\/telemon_pandemia.webp","width":2160,"height":1440},{"@type":"BreadcrumbList","@id":"https:\/\/telemon.care\/sk\/telemedicina-pocas-pandemie\/#breadcrumb","itemListElement":[{"@type":"ListItem","position":1,"name":"Domovsk\u00e1 str\u00e1nka","item":"https:\/\/telemon.care\/sk\/"},{"@type":"ListItem","position":2,"name":"Telemedic\u00edna po\u010das pand\u00e9mie"}]},{"@type":"WebSite","@id":"https:\/\/telemon.care\/sk\/#website","url":"https:\/\/telemon.care\/sk\/","name":"Telemon","description":"","potentialAction":[{"@type":"SearchAction","target":{"@type":"EntryPoint","urlTemplate":"https:\/\/telemon.care\/sk\/?s={search_term_string}"},"query-input":{"@type":"PropertyValueSpecification","valueRequired":true,"valueName":"search_term_string"}}],"inLanguage":"sk-SK"},{"@type":"Person","@id":"https:\/\/telemon.care\/sk\/#\/schema\/person\/38dd92134beb968722163325134e886b","name":"\u013dudmila Slez\u00e1kov\u00e1"}]}},"_links":{"self":[{"href":"https:\/\/telemon.care\/sk\/wp-json\/wp\/v2\/posts\/1600","targetHints":{"allow":["GET"]}}],"collection":[{"href":"https:\/\/telemon.care\/sk\/wp-json\/wp\/v2\/posts"}],"about":[{"href":"https:\/\/telemon.care\/sk\/wp-json\/wp\/v2\/types\/post"}],"author":[{"embeddable":true,"href":"https:\/\/telemon.care\/sk\/wp-json\/wp\/v2\/users\/2"}],"replies":[{"embeddable":true,"href":"https:\/\/telemon.care\/sk\/wp-json\/wp\/v2\/comments?post=1600"}],"version-history":[{"count":2,"href":"https:\/\/telemon.care\/sk\/wp-json\/wp\/v2\/posts\/1600\/revisions"}],"predecessor-version":[{"id":1628,"href":"https:\/\/telemon.care\/sk\/wp-json\/wp\/v2\/posts\/1600\/revisions\/1628"}],"wp:featuredmedia":[{"embeddable":true,"href":"https:\/\/telemon.care\/sk\/wp-json\/wp\/v2\/media\/1605"}],"wp:attachment":[{"href":"https:\/\/telemon.care\/sk\/wp-json\/wp\/v2\/media?parent=1600"}],"wp:term":[{"taxonomy":"category","embeddable":true,"href":"https:\/\/telemon.care\/sk\/wp-json\/wp\/v2\/categories?post=1600"},{"taxonomy":"post_tag","embeddable":true,"href":"https:\/\/telemon.care\/sk\/wp-json\/wp\/v2\/tags?post=1600"}],"curies":[{"name":"wp","href":"https:\/\/api.w.org\/{rel}","templated":true}]}}