{"id":1643,"date":"2024-06-25T14:41:25","date_gmt":"2024-06-25T12:41:25","guid":{"rendered":"https:\/\/telemon.care\/?p=1643"},"modified":"2026-02-05T15:06:48","modified_gmt":"2026-02-05T14:06:48","slug":"v-21-storoci-sa-musime-adaptovat-na-technologicky-boom-mudr-peter-barton","status":"publish","type":"post","link":"https:\/\/telemon.care\/sk\/v-21-storoci-sa-musime-adaptovat-na-technologicky-boom-mudr-peter-barton\/","title":{"rendered":"V 21. storo\u010d\u00ed sa mus\u00edme adaptova\u0165 na technologick\u00fd boom. MUDr. Peter Barto\u0148"},"content":{"rendered":"<p><b>MUDr. Peter Barto\u0148<\/b> je riadite\u013eom N\u00e1rodn\u00e9ho \u00fastavu detsk\u00fdch chor\u00f4b (ND\u00daCH) a z\u00e1rove\u0148 odborn\u00edkom v pediatrickej urol\u00f3gii. Stretnutie s t\u00fdmto pr\u00edjemn\u00fdm lek\u00e1rom stoj\u00ed za to \u2013 priam sr\u0161\u00ed pozit\u00edvnou energiou, je mimoriadne sympatick\u00fd a progres\u00edvny. Vo vyu\u017eit\u00ed modern\u00fdch technol\u00f3gi\u00ed a telemedic\u00edny v lie\u010dbe detsk\u00fdch pacientov vid\u00ed pr\u00edle\u017eitos\u0165, ako zlep\u0161i\u0165 \u0161tandard pediatrickej zdravotnej starostlivosti na Slovensku.<\/p>\n<h3 class=\"elementor-heading-title elementor-size-default\">N\u00e1rodn\u00fd \u00fastav detsk\u00fdch chor\u00f4b je najv\u00e4\u010d\u0161ou detskou nemocnicou na Slovensku. Na jej \u010dele p\u00f4sob\u00edte u\u017e tret\u00ed rok. Ak\u00fdm najv\u00e4\u010d\u0161\u00edm v\u00fdzvam ste po\u010das svojho p\u00f4sobenia v\u00a0nej \u010delili?<\/h3>\n<p>ND\u00daCH je najv\u00e4\u010d\u0161ou detskou nemocnicou nielen na Slovensku, ale po\u010dtom l\u00f4\u017eok, v\u00fdkonov a ambulanci\u00ed aj v celej strednej Eur\u00f3pe. Ka\u017edodenne \u010del\u00edme mno\u017estvu v\u00fdziev nielen v oblasti lie\u010dby pacientov, ale aj v tom, ako posun\u00fa\u0165 na\u0161u nemocnicu do modernej\u0161ej doby.\u00a0 Na\u0161\u00edm cie\u013eom je, aby N\u00e1rodn\u00fd \u00fastav detsk\u00fdch chor\u00f4b nebol len najv\u00e4\u010d\u0161ou, ale aj najkvalitnej\u0161ou a medic\u00ednsky najlep\u0161ie vybavenou nemocnicou, ktor\u00e1 poskytuje \u0161tandard poskytovanej zdravotnej starostlivosti zodpovedaj\u00faci 21. storo\u010diu.<\/p>\n<p>Ako poskytovate\u013e koncovej zdravotnej starostlivosti nelie\u010dime len deti z Bratislavy, ale z\u00a0cel\u00e9ho Slovenska. Dokonca viac ako 50 % na\u0161ich pacientov je z in\u00e9ho ako Bratislavsk\u00e9ho kraja. Aktu\u00e1lne preto potrebujeme predov\u0161etk\u00fdm zv\u00e4\u010d\u0161i\u0165 na\u0161e kapacity. Nejde pritom len o roz\u0161\u00edrenie a moderniz\u00e1ciu l\u00f4\u017ekov\u00fdch \u010dast\u00ed pre deti a ich rodi\u010dov, ale aj zabezpe\u010denie medic\u00ednskeho vybavenia. Chceme napr\u00edklad postavi\u0165 detsk\u00fa robotick\u00fa s\u00e1lu, ktor\u00e1 bude prvou svojho druhu v strednej Eur\u00f3pe. Tak\u017ee v\u00fdziev je skuto\u010dne dos\u0165 a postupne sa ich sna\u017e\u00edme nap\u013a\u0148a\u0165.<\/p>\n<h3 class=\"elementor-heading-title elementor-size-default\">V akom \u010dasovom horizonte pl\u00e1nujete zriadenie tejto robotickej s\u00e1ly? Ak\u00e9 bude jej vyu\u017eitie?<\/h3>\n<p>Na realiz\u00e1ciu projektu robotickej opera\u010dnej s\u00e1ly sa n\u00e1m podarilo z\u00edska\u0165 finan\u010dn\u00e9 prostriedky z pl\u00e1nu obnovy a chceme ju zrealizova\u0165 najnesk\u00f4r v prvej polovici roka 2026. Roboticky asistovan\u00e1 chirurgia sa v s\u00fa\u010dasnosti ve\u013emi r\u00fdchlo rozv\u00edja a \u00faspe\u0161ne sa pou\u017e\u00edva takmer vo v\u0161etk\u00fdch \u0161pecializ\u00e1ci\u00e1ch pediatrickej chirurgie vr\u00e1tane urol\u00f3gie, v\u0161eobecnej chirurgie, chirurgie hrudn\u00edka, onkochirurgie a ORL chirurgie.<\/p>\n<p>Ke\u010f\u017ee m\u00e1me celoslovensk\u00e9 p\u00f4sobenie, robotick\u00e9 stredisko vieme vyu\u017ei\u0165 vo v\u0161etk\u00fdch t\u00fdchto odboroch, \u010do d\u00e1va skuto\u010dne aj ekonomick\u00fd zmysel. V prvom roku o\u010dak\u00e1vame pribli\u017ene 50 a\u017e 100 oper\u00e1ci\u00ed, v horizonte troch a\u017e piatich rokov sa chceme postupne dosta\u0165 na dve a\u017e tri robotick\u00e9 oper\u00e1cie denne. Som ve\u013emi r\u00e1d, \u017ee pr\u00e1ve na\u0161a nemocnica sa stane prvou detskou nemocnicou na Slovensku, kde budeme m\u00f4c\u0165 na\u0161im detsk\u00fdm poskytn\u00fa\u0165 aj tento typ zdravotnej starostlivosti.<\/p>\n<div class=\"elementor-element elementor-element-fcb9985 e-flex e-con-boxed e-con e-child\" data-particle_enable=\"false\" data-particle-mobile-disabled=\"false\" data-id=\"fcb9985\" data-element_type=\"container\" data-e-type=\"container\" data-settings=\"{&quot;background_background&quot;:&quot;classic&quot;}\">\n<div class=\"e-con-inner\">\n<div class=\"elementor-element elementor-element-853286e elementor-widget elementor-widget-heading\" data-id=\"853286e\" data-element_type=\"widget\" data-e-type=\"widget\" data-widget_type=\"heading.default\">\n<div class=\"elementor-widget-container\">\n<h3 class=\"elementor-heading-title elementor-size-default\">Ak\u00e9 \u010fal\u0161ie inov\u00e1cie v\u00a0nemocnici pripravujete?<\/h3>\n<\/div>\n<\/div>\n<\/div>\n<\/div>\n<div class=\"elementor-element elementor-element-5eac764 e-flex e-con-boxed e-con e-child\" data-particle_enable=\"false\" data-particle-mobile-disabled=\"false\" data-id=\"5eac764\" data-element_type=\"container\" data-e-type=\"container\" data-settings=\"{&quot;background_background&quot;:&quot;classic&quot;}\">\n<div class=\"e-con-inner\">\n<div class=\"elementor-element elementor-element-1a10f98 elementor-widget elementor-widget-text-editor\" data-id=\"1a10f98\" data-element_type=\"widget\" data-e-type=\"widget\" data-widget_type=\"text-editor.default\">\n<div class=\"elementor-widget-container\">\n<div class=\"elementor-element elementor-element-0c39c79 e-flex e-con-boxed e-con e-parent e-lazyloaded\" data-particle_enable=\"false\" data-particle-mobile-disabled=\"false\" data-id=\"0c39c79\" data-element_type=\"container\" data-e-type=\"container\" data-settings=\"{&quot;background_background&quot;:&quot;classic&quot;}\">\n<div class=\"e-con-inner\">\n<div class=\"elementor-element elementor-element-5eac764 e-flex e-con-boxed e-con e-child\" data-particle_enable=\"false\" data-particle-mobile-disabled=\"false\" data-id=\"5eac764\" data-element_type=\"container\" data-e-type=\"container\" data-settings=\"{&quot;background_background&quot;:&quot;classic&quot;}\">\n<div class=\"e-con-inner\">\n<div class=\"elementor-element elementor-element-1a10f98 elementor-widget elementor-widget-text-editor\" data-id=\"1a10f98\" data-element_type=\"widget\" data-e-type=\"widget\" data-widget_type=\"text-editor.default\">\n<div class=\"elementor-widget-container\">\n<p>Som presved\u010den\u00fd o tom, \u017ee v 21. storo\u010d\u00ed sa mus\u00edme adaptova\u0165 na technologick\u00fd boom, ktor\u00fd zasahuje nielen zobrazovacie met\u00f3dy, ale aj in\u00e9 typy vy\u0161etren\u00ed. Pre ND\u00daCH m\u00e1 ve\u013ek\u00fd zmysel predov\u0161etk\u00fdm uplat\u0148ovanie telemedic\u00edny. Ke\u010f\u017ee m\u00e1me pacientov z cel\u00e9ho Slovenska, cestovanie do Bratislavy predstavuje pre mnoh\u00fdch rodi\u010dov ve\u013ek\u00fa finan\u010dn\u00fa a \u010dasov\u00fa z\u00e1\u0165a\u017e. Telemedic\u00edna dok\u00e1\u017ee v tomto rodi\u010dov ve\u013emi odbremeni\u0165. Preto sa ju v spolupr\u00e1ci s technologick\u00fdmi firmami, ako je napr\u00edklad\u00a0<a href=\"https:\/\/www.goldmann.sk\/\"><b>Goldmann Systems<\/b><\/a>, sna\u017e\u00edme implementova\u0165 pri lie\u010dbe r\u00f4znych ochoren\u00ed.<\/p>\n<p>Postupne zav\u00e1dzame lie\u010dbu na dia\u013eku aj u detsk\u00fdch pacientov s diagn\u00f3zou diabetes. Pr\u00e1ve u nich je z\u00e1sadn\u00e9 pravideln\u00e9 monitorovanie zdravotn\u00e9ho stavu a r\u00fdchla intervencia v pr\u00edpade prekro\u010denia kritick\u00fdch hodn\u00f4t. Ke\u010f\u017ee ide o detsk\u00e9ho pacienta, v tejto oblasti existuj\u00fa r\u00f4zne legislat\u00edvne obmedzenia. Ver\u00edm v\u0161ak, \u017ee sa n\u00e1m ich \u010dasom podar\u00ed odb\u00fara\u0165 a telemedic\u00edna bude pom\u00e1ha\u0165 detsk\u00fdm pacientom pri viacer\u00fdch diagn\u00f3zach. Ve\u013ek\u00fd potenci\u00e1l vid\u00edm napr\u00edklad aj pri ortopedick\u00fdch pacientoch.<\/p>\n<\/div>\n<\/div>\n<\/div>\n<\/div>\n<\/div>\n<\/div>\n<div class=\"elementor-element elementor-element-eab7c64 e-flex e-con-boxed e-con e-parent e-lazyloaded\" data-particle_enable=\"false\" data-particle-mobile-disabled=\"false\" data-id=\"eab7c64\" data-element_type=\"container\" data-e-type=\"container\" data-settings=\"{&quot;background_background&quot;:&quot;classic&quot;}\">\n<div class=\"e-con-inner\">\n<div class=\"elementor-element elementor-element-a349033 e-flex e-con-boxed e-con e-child\" data-particle_enable=\"false\" data-particle-mobile-disabled=\"false\" data-id=\"a349033\" data-element_type=\"container\" data-e-type=\"container\" data-settings=\"{&quot;background_background&quot;:&quot;classic&quot;}\">\n<div class=\"e-con-inner\">\n<div class=\"elementor-element elementor-element-7f1aaa6 elementor-widget elementor-widget-heading\" data-id=\"7f1aaa6\" data-element_type=\"widget\" data-e-type=\"widget\" data-widget_type=\"heading.default\">\n<div class=\"elementor-widget-container\">\n<div class=\"elementor-element elementor-element-a349033 e-flex e-con-boxed e-con e-child\" data-particle_enable=\"false\" data-particle-mobile-disabled=\"false\" data-id=\"a349033\" data-element_type=\"container\" data-e-type=\"container\" data-settings=\"{&quot;background_background&quot;:&quot;classic&quot;}\">\n<div class=\"e-con-inner\">\n<div class=\"elementor-element elementor-element-7f1aaa6 elementor-widget elementor-widget-heading\" data-id=\"7f1aaa6\" data-element_type=\"widget\" data-e-type=\"widget\" data-widget_type=\"heading.default\">\n<div class=\"elementor-widget-container\">\n<h3 class=\"elementor-heading-title elementor-size-default\">M\u00e1 telemedic\u00edna potenci\u00e1l uplatni\u0165 sa aj v\u00a0in\u00fdch oblastiach?<\/h3>\n<\/div>\n<\/div>\n<\/div>\n<\/div>\n<div class=\"elementor-element elementor-element-b5a9bcd e-flex e-con-boxed e-con e-child\" data-particle_enable=\"false\" data-particle-mobile-disabled=\"false\" data-id=\"b5a9bcd\" data-element_type=\"container\" data-e-type=\"container\" data-settings=\"{&quot;background_background&quot;:&quot;classic&quot;}\">\n<div class=\"e-con-inner\">\n<div class=\"elementor-element elementor-element-850e469 elementor-widget elementor-widget-text-editor\" data-id=\"850e469\" data-element_type=\"widget\" data-e-type=\"widget\" data-widget_type=\"text-editor.default\">\n<div class=\"elementor-widget-container\">\n<div class=\"elementor-element elementor-element-eab7c64 e-flex e-con-boxed e-con e-parent e-lazyloaded\" data-particle_enable=\"false\" data-particle-mobile-disabled=\"false\" data-id=\"eab7c64\" data-element_type=\"container\" data-e-type=\"container\" data-settings=\"{&quot;background_background&quot;:&quot;classic&quot;}\">\n<div class=\"e-con-inner\">\n<div class=\"elementor-element elementor-element-b5a9bcd e-flex e-con-boxed e-con e-child\" data-particle_enable=\"false\" data-particle-mobile-disabled=\"false\" data-id=\"b5a9bcd\" data-element_type=\"container\" data-e-type=\"container\" data-settings=\"{&quot;background_background&quot;:&quot;classic&quot;}\">\n<div class=\"e-con-inner\">\n<div class=\"elementor-element elementor-element-850e469 elementor-widget elementor-widget-text-editor\" data-id=\"850e469\" data-element_type=\"widget\" data-e-type=\"widget\" data-widget_type=\"text-editor.default\">\n<div class=\"elementor-widget-container\">\n<p>Ur\u010dite \u00e1no. Prv\u00e9 \u00faspe\u0161n\u00e9 oper\u00e1cie u\u017e prebehli napr\u00edklad v robotickej chirurgii, kde chirurg za konzolou operoval pacienta doslova z druh\u00e9ho konca sveta. V na\u0161ej nemocnici m\u00e1me ve\u013emi dobr\u00e9 sk\u00fasenosti aj s telemostami. Prostredn\u00edctvom nich sa na na\u0161ich oper\u00e1ci\u00e1ch opakovane z\u00fa\u010dast\u0148uj\u00fa napr\u00edklad \u0161pecialisti z lond\u00fdnskej nemocnice Great Ormond Street Hospital, ktor\u00ed n\u00e1m priamo po\u010das oper\u00e1cie radia pri zlo\u017eit\u00fdch chirurgick\u00fdch \u00fakonoch.<\/p>\n<p>Mysl\u00edm si preto, \u017ee telemedic\u00edna m\u00e1 pri lie\u010dbe detsk\u00fdch pacientov naozaj ve\u013ek\u00fd potenci\u00e1l. O\u00a0to viac, \u017ee u mal\u00e9ho pacienta je lie\u010dba \u010dasto n\u00e1ro\u010dnej\u0161ia, preto\u017ee si vy\u017eaduje aj spolupr\u00e1cu rodi\u010dov. U dospel\u00fdch u\u017e telemedic\u00edna funguje v r\u00f4znych odboroch a som presved\u010den\u00fd o tom, \u017ee jej p\u00f4sobnos\u0165 sa bude neust\u00e1le roz\u0161irova\u0165. Aj v s\u00favislosti so st\u00e1le klesaj\u00facim po\u010dtom zdravotn\u00edckeho person\u00e1lu v pomere k veku do\u017e\u00edvania sa pacientov.<\/p>\n<\/div>\n<\/div>\n<\/div>\n<\/div>\n<\/div>\n<\/div>\n<div class=\"elementor-element elementor-element-cf7f3b7 e-flex e-con-boxed e-con e-parent e-lazyloaded\" data-particle_enable=\"false\" data-particle-mobile-disabled=\"false\" data-id=\"cf7f3b7\" data-element_type=\"container\" data-e-type=\"container\" data-settings=\"{&quot;background_background&quot;:&quot;classic&quot;}\">\n<div class=\"e-con-inner\">\n<div class=\"elementor-element elementor-element-9500bf5 e-flex e-con-boxed e-con e-child\" data-particle_enable=\"false\" data-particle-mobile-disabled=\"false\" data-id=\"9500bf5\" data-element_type=\"container\" data-e-type=\"container\" data-settings=\"{&quot;background_background&quot;:&quot;classic&quot;}\">\n<div class=\"e-con-inner\">\n<div class=\"elementor-element elementor-element-184c6c8 elementor-widget elementor-widget-heading\" data-id=\"184c6c8\" data-element_type=\"widget\" data-e-type=\"widget\" data-widget_type=\"heading.default\">\n<div class=\"elementor-widget-container\">\n<div class=\"elementor-element elementor-element-9500bf5 e-flex e-con-boxed e-con e-child\" data-particle_enable=\"false\" data-particle-mobile-disabled=\"false\" data-id=\"9500bf5\" data-element_type=\"container\" data-e-type=\"container\" data-settings=\"{&quot;background_background&quot;:&quot;classic&quot;}\">\n<div class=\"e-con-inner\">\n<div class=\"elementor-element elementor-element-184c6c8 elementor-widget elementor-widget-heading\" data-id=\"184c6c8\" data-element_type=\"widget\" data-e-type=\"widget\" data-widget_type=\"heading.default\">\n<div class=\"elementor-widget-container\">\n<h3 class=\"elementor-heading-title elementor-size-default\">Pediatrickej urol\u00f3gii sa venujete u\u017e viac ako 20 rokov. Ak\u00e9 technologick\u00e9 trendy posunuli t\u00fato oblas\u0165 najviac vpred?<\/h3>\n<\/div>\n<\/div>\n<\/div>\n<\/div>\n<div class=\"elementor-element elementor-element-2cb1b14 e-flex e-con-boxed e-con e-child\" data-particle_enable=\"false\" data-particle-mobile-disabled=\"false\" data-id=\"2cb1b14\" data-element_type=\"container\" data-e-type=\"container\" data-settings=\"{&quot;background_background&quot;:&quot;classic&quot;}\">\n<div class=\"e-con-inner\">\n<div class=\"elementor-element elementor-element-702dfc8 elementor-widget elementor-widget-text-editor\" data-id=\"702dfc8\" data-element_type=\"widget\" data-e-type=\"widget\" data-widget_type=\"text-editor.default\">\n<div class=\"elementor-widget-container\">\n<div class=\"elementor-element elementor-element-cf7f3b7 e-flex e-con-boxed e-con e-parent e-lazyloaded\" data-particle_enable=\"false\" data-particle-mobile-disabled=\"false\" data-id=\"cf7f3b7\" data-element_type=\"container\" data-e-type=\"container\" data-settings=\"{&quot;background_background&quot;:&quot;classic&quot;}\">\n<div class=\"e-con-inner\">\n<div class=\"elementor-element elementor-element-2cb1b14 e-flex e-con-boxed e-con e-child\" data-particle_enable=\"false\" data-particle-mobile-disabled=\"false\" data-id=\"2cb1b14\" data-element_type=\"container\" data-e-type=\"container\" data-settings=\"{&quot;background_background&quot;:&quot;classic&quot;}\">\n<div class=\"e-con-inner\">\n<div class=\"elementor-element elementor-element-702dfc8 elementor-widget elementor-widget-text-editor\" data-id=\"702dfc8\" data-element_type=\"widget\" data-e-type=\"widget\" data-widget_type=\"text-editor.default\">\n<div class=\"elementor-widget-container\">\n<p>Rozhodne sa posunula diagnostika a tie\u017e sp\u00f4soby vykon\u00e1vania oper\u00e1ci\u00ed smerom k endoskopick\u00fdm, laparoskopick\u00fdm a v poslednom obdob\u00ed aj robotick\u00fdm rie\u0161eniam oper\u00e1ci\u00ed. Dnes u\u017e ve\u013ea z\u00e1krokov rob\u00edme celkom neinvaz\u00edvne, bez potreby otvoren\u00fdch oper\u00e1ci\u00ed, a to u\u017e od \u00faplne \u00fatleho veku. Tento posun je naozaj enormn\u00fd.<\/p>\n<p>Navy\u0161e, mno\u017estvo probl\u00e9mov vieme konzultova\u0165 na dia\u013eku, preto\u017ee vy\u0161etrenia a oper\u00e1cie s\u00fa \u010dasto rie\u0161en\u00e9 cez kameru pripojen\u00fa online. Dok\u00e1\u017eeme tie\u017e jednoducho doposiela\u0165 obrazov\u00e9 n\u00e1lezy alebo videoz\u00e1znamy z\u00e1krokov. To n\u00e1m umo\u017e\u0148uje do procesu lie\u010dby zapoji\u0165 aj zahrani\u010dn\u00fdch odborn\u00edkov.<\/p>\n<\/div>\n<\/div>\n<\/div>\n<\/div>\n<\/div>\n<\/div>\n<div class=\"elementor-element elementor-element-5d21f26 e-flex e-con-boxed e-con e-parent e-lazyloaded\" data-particle_enable=\"false\" data-particle-mobile-disabled=\"false\" data-id=\"5d21f26\" data-element_type=\"container\" data-e-type=\"container\" data-settings=\"{&quot;background_background&quot;:&quot;classic&quot;}\">\n<div class=\"e-con-inner\">\n<div class=\"elementor-element elementor-element-817b9df e-flex e-con-boxed e-con e-child\" data-particle_enable=\"false\" data-particle-mobile-disabled=\"false\" data-id=\"817b9df\" data-element_type=\"container\" data-e-type=\"container\" data-settings=\"{&quot;background_background&quot;:&quot;classic&quot;}\">\n<div class=\"e-con-inner\">\n<div class=\"elementor-element elementor-element-34c6e92 elementor-widget elementor-widget-heading\" data-id=\"34c6e92\" data-element_type=\"widget\" data-e-type=\"widget\" data-widget_type=\"heading.default\">\n<div class=\"elementor-widget-container\">\n<div class=\"elementor-element elementor-element-817b9df e-flex e-con-boxed e-con e-child\" data-particle_enable=\"false\" data-particle-mobile-disabled=\"false\" data-id=\"817b9df\" data-element_type=\"container\" data-e-type=\"container\" data-settings=\"{&quot;background_background&quot;:&quot;classic&quot;}\">\n<div class=\"e-con-inner\">\n<div class=\"elementor-element elementor-element-34c6e92 elementor-widget elementor-widget-heading\" data-id=\"34c6e92\" data-element_type=\"widget\" data-e-type=\"widget\" data-widget_type=\"heading.default\">\n<div class=\"elementor-widget-container\">\n<h3 class=\"elementor-heading-title elementor-size-default\">Ako top mana\u017e\u00e9r najv\u00e4\u010d\u0161ej kliniky v strednej Eur\u00f3pe a ako lek\u00e1r-\u0161pecialista vykon\u00e1vate rozdielne roly. \u010co v\u00e1s na tejto zauj\u00edmavej kombin\u00e1cii \u00faloh najviac bav\u00ed a nap\u013a\u0148a?<\/h3>\n<\/div>\n<\/div>\n<\/div>\n<\/div>\n<div class=\"elementor-element elementor-element-8956067 e-flex e-con-boxed e-con e-child\" data-particle_enable=\"false\" data-particle-mobile-disabled=\"false\" data-id=\"8956067\" data-element_type=\"container\" data-e-type=\"container\" data-settings=\"{&quot;background_background&quot;:&quot;classic&quot;}\">\n<div class=\"e-con-inner\">\n<div class=\"elementor-element elementor-element-5d45f7c elementor-widget elementor-widget-text-editor\" data-id=\"5d45f7c\" data-element_type=\"widget\" data-e-type=\"widget\" data-widget_type=\"text-editor.default\">\n<div class=\"elementor-widget-container\">\n<div class=\"elementor-element elementor-element-8956067 e-flex e-con-boxed e-con e-child\" data-particle_enable=\"false\" data-particle-mobile-disabled=\"false\" data-id=\"8956067\" data-element_type=\"container\" data-e-type=\"container\" data-settings=\"{&quot;background_background&quot;:&quot;classic&quot;}\">\n<div class=\"e-con-inner\">\n<div class=\"elementor-element elementor-element-5d45f7c elementor-widget elementor-widget-text-editor\" data-id=\"5d45f7c\" data-element_type=\"widget\" data-e-type=\"widget\" data-widget_type=\"text-editor.default\">\n<div class=\"elementor-widget-container\">\n<p>M\u00e1te pravdu, v N\u00daDCH p\u00f4sob\u00edm u\u017e 22 rokov. Za tie roky som si pre\u0161iel r\u00f4znymi poz\u00edciami \u2013 od sekund\u00e1rneho lek\u00e1ra, cez ved\u00faceho oddelenia a\u017e po prim\u00e1ra. Po\u010das tohto obdobia som absolvoval zahrani\u010dn\u00e9 st\u00e1\u017ee na r\u00f4znych klinik\u00e1ch, s ktor\u00fdmi dodnes spolupracujeme.<\/p>\n<p>A potom pri\u0161la v\u00fdzva nemocnicu mana\u017eova\u0165 a urobi\u0165 z nej \u0161pi\u010dkov\u00e9 zdravotn\u00edcke zariadenie. Mysl\u00edm si, \u017ee v spolupr\u00e1ci s kolegami sa n\u00e1m to podarilo. Dnes sa na\u0161a nemocnica zara\u010fuje k top eur\u00f3pskym detsk\u00fdm nemocniciam a na\u0161i odborn\u00edci chodia \u0161koli\u0165 do in\u00fdch kraj\u00edn.<\/p>\n<hr \/>\n<\/div>\n<div class=\"elementor-element elementor-element-699076c elementor-widget elementor-widget-text-editor\" data-id=\"699076c\" data-element_type=\"widget\" data-e-type=\"widget\" data-widget_type=\"text-editor.default\">\n<div class=\"elementor-widget-container\">\n<p><em>\u201eMana\u017ement kliniky je nie\u010do ako beh na dlh\u00e9 trate. \u010clovek netu\u0161\u00ed, ak\u00e9 prek\u00e1\u017eky sa mu postavia do cesty a v\u0161etky v\u00fdzvy mu pom\u00f4\u017ee prekona\u0165 najm\u00e4 jeho vlastn\u00e1 vytrvalos\u0165.\u201c<\/em><\/p>\n<\/div>\n<\/div>\n<div class=\"elementor-element elementor-element-9226834 elementor-widget elementor-widget-image\" data-id=\"9226834\" data-element_type=\"widget\" data-e-type=\"widget\" data-widget_type=\"image.default\">\n<div class=\"elementor-element elementor-element-3641a17 e-flex e-con-boxed e-con e-child\" data-particle_enable=\"false\" data-particle-mobile-disabled=\"false\" data-id=\"3641a17\" data-element_type=\"container\" data-e-type=\"container\" data-settings=\"{&quot;background_background&quot;:&quot;classic&quot;}\">\n<div class=\"e-con-inner\">\n<div class=\"elementor-element elementor-element-c066e9c elementor-widget elementor-widget-heading\" data-id=\"c066e9c\" data-element_type=\"widget\" data-e-type=\"widget\" data-widget_type=\"heading.default\">\n<div class=\"elementor-widget-container\">\n<hr \/>\n<h3 class=\"elementor-heading-title elementor-size-default\">Kto alebo \u010do v\u00e1s vo va\u0161ej pr\u00e1ci najviac in\u0161piruje?<\/h3>\n<\/div>\n<\/div>\n<\/div>\n<\/div>\n<div class=\"elementor-element elementor-element-9608c3d e-flex e-con-boxed e-con e-child\" data-particle_enable=\"false\" data-particle-mobile-disabled=\"false\" data-id=\"9608c3d\" data-element_type=\"container\" data-e-type=\"container\" data-settings=\"{&quot;background_background&quot;:&quot;classic&quot;}\">\n<div class=\"e-con-inner\">\n<div class=\"elementor-element elementor-element-3728335 elementor-widget elementor-widget-text-editor\" data-id=\"3728335\" data-element_type=\"widget\" data-e-type=\"widget\" data-widget_type=\"text-editor.default\">\n<div class=\"elementor-widget-container\">\n<div class=\"elementor-element elementor-element-9608c3d e-flex e-con-boxed e-con e-child\" data-particle_enable=\"false\" data-particle-mobile-disabled=\"false\" data-id=\"9608c3d\" data-element_type=\"container\" data-e-type=\"container\" data-settings=\"{&quot;background_background&quot;:&quot;classic&quot;}\">\n<div class=\"e-con-inner\">\n<div class=\"elementor-element elementor-element-3728335 elementor-widget elementor-widget-text-editor\" data-id=\"3728335\" data-element_type=\"widget\" data-e-type=\"widget\" data-widget_type=\"text-editor.default\">\n<div class=\"elementor-widget-container\">\n<p>In\u0161piruj\u00fa ma \u013eudia, ktor\u00fdch stret\u00e1vam dennodenne. S\u00fa to moji kolegovia, s ktor\u00fdmi sa sna\u017e\u00edme niekam dosta\u0165. No a ve\u013ekou in\u0161pir\u00e1ciou, ako robi\u0165 medic\u00ednu naozaj na svetovej \u00farovni, je pre m\u0148a nemocnica Great Ormond Street Hospital. Pr\u00e1ve n\u00e1v\u0161teva v nej od\u0161tartovala moju snahu posun\u00fa\u0165 na \u0161pi\u010dkov\u00fa \u00farove\u0148 aj na\u0161u nemocnicu, zobra\u0165 t\u00fa pomyseln\u00fa z\u00e1stavu a \u00eds\u0165 do boja.<\/p>\n<\/div>\n<\/div>\n<\/div>\n<\/div>\n<div class=\"elementor-element elementor-element-087372e elementor-widget elementor-widget-heading\" data-id=\"087372e\" data-element_type=\"widget\" data-e-type=\"widget\" data-widget_type=\"heading.default\">\n<div class=\"elementor-widget-container\">\n<div class=\"elementor-element elementor-element-056b63a elementor-widget elementor-widget-heading\" data-id=\"056b63a\" data-element_type=\"widget\" data-e-type=\"widget\" data-widget_type=\"heading.default\">\n<div class=\"elementor-widget-container\">\n<h3 class=\"elementor-heading-title elementor-size-default\">MUDr. Peter Barto\u0148<\/h3>\n<\/div>\n<\/div>\n<div class=\"elementor-element elementor-element-c046663 elementor-widget elementor-widget-text-editor\" data-id=\"c046663\" data-element_type=\"widget\" data-e-type=\"widget\" data-widget_type=\"text-editor.default\">\n<div class=\"elementor-widget-container\">\n<p>Lek\u00e1r so \u0161pecializ\u00e1ciou v odbore urol\u00f3gia a pediatrick\u00e1 urol\u00f3gia, od m\u00e1ja 2021 riadite\u013e N\u00e1rodn\u00e9ho \u00fastavu detsk\u00fdch chor\u00f4b. P\u00f4sob\u00ed tie\u017e ako hlavn\u00fd odborn\u00edk Ministerstva zdravotn\u00edctva SR pre odbor pediatrick\u00e1 urol\u00f3gia. Z\u00e1rove\u0148 st\u00e1le ost\u00e1va v kontakte s medic\u00ednou a re\u00e1lnou praxou ako prim\u00e1r kliniky pediatrickej urol\u00f3gie.\u00a0Vo vo\u013enom \u010dase sa venuje \u0161portov\u00e9mu behu, absolvoval nieko\u013eko marat\u00f3nov.<\/p>\n<\/div>\n<\/div>\n<\/div>\n<\/div>\n<\/div>\n<\/div>\n<\/div>\n<\/div>\n<\/div>\n<\/div>\n<\/div>\n<\/div>\n<div class=\"elementor-element elementor-element-85418a5 elementor-widget elementor-widget-spacer\" data-id=\"85418a5\" data-element_type=\"widget\" data-e-type=\"widget\" data-widget_type=\"spacer.default\">\n<div class=\"elementor-widget-container\">\n<div class=\"elementor-spacer\"><\/div>\n<\/div>\n<\/div>\n<\/div>\n<\/div>\n<\/div>\n<\/div>\n<\/div>\n<\/div>\n<\/div>\n<\/div>\n<\/div>\n<\/div>\n<\/div>\n<\/div>\n<\/div>\n<\/div>\n<\/div>\n<\/div>\n<\/div>\n<\/div>\n<\/div>\n<\/div>\n<\/div>\n<\/div>\n<\/div>\n<\/div>\n<\/div>\n<\/div>\n<\/div>\n<\/div>\n<\/div>\n<\/div>\n<\/div>\n<\/div>\n<\/div>\n<\/div>\n","protected":false},"excerpt":{"rendered":"<p>MUDr. Peter Barto\u0148 je riadite\u013eom N\u00e1rodn\u00e9ho \u00fastavu detsk\u00fdch chor\u00f4b (ND\u00daCH) a z\u00e1rove\u0148 odborn\u00edkom v pediatrickej urol\u00f3gii. Stretnutie s t\u00fdmto pr\u00edjemn\u00fdm lek\u00e1rom stoj\u00ed za to \u2013 priam sr\u0161\u00ed pozit\u00edvnou energiou, je mimoriadne sympatick\u00fd a progres\u00edvny. Vo vyu\u017eit\u00ed modern\u00fdch technol\u00f3gi\u00ed a telemedic\u00edny v lie\u010dbe detsk\u00fdch pacientov vid\u00ed pr\u00edle\u017eitos\u0165, ako zlep\u0161i\u0165 \u0161tandard pediatrickej zdravotnej starostlivosti na Slovensku. N\u00e1rodn\u00fd [&hellip;]<\/p>\n","protected":false},"author":2,"featured_media":1644,"comment_status":"open","ping_status":"open","sticky":false,"template":"","format":"standard","meta":{"_acf_changed":false,"footnotes":""},"categories":[47],"tags":[],"class_list":["post-1643","post","type-post","status-publish","format-standard","has-post-thumbnail","hentry","category-telemedicina"],"acf":[],"yoast_head":"<!-- This site is optimized with the Yoast SEO plugin v27.4 - https:\/\/yoast.com\/product\/yoast-seo-wordpress\/ -->\n<title>V 21. storo\u010d\u00ed sa mus\u00edme adaptova\u0165 na technologick\u00fd boom. MUDr. Peter Barto\u0148 - Telemon<\/title>\n<meta name=\"robots\" content=\"index, follow, max-snippet:-1, max-image-preview:large, max-video-preview:-1\" \/>\n<link rel=\"canonical\" href=\"https:\/\/telemon.care\/sk\/v-21-storoci-sa-musime-adaptovat-na-technologicky-boom-mudr-peter-barton\/\" \/>\n<meta property=\"og:locale\" content=\"sk_SK\" \/>\n<meta property=\"og:type\" content=\"article\" \/>\n<meta property=\"og:title\" content=\"V 21. storo\u010d\u00ed sa mus\u00edme adaptova\u0165 na technologick\u00fd boom. MUDr. Peter Barto\u0148 - Telemon\" \/>\n<meta property=\"og:description\" content=\"MUDr. Peter Barto\u0148 je riadite\u013eom N\u00e1rodn\u00e9ho \u00fastavu detsk\u00fdch chor\u00f4b (ND\u00daCH) a z\u00e1rove\u0148 odborn\u00edkom v pediatrickej urol\u00f3gii. Stretnutie s t\u00fdmto pr\u00edjemn\u00fdm lek\u00e1rom stoj\u00ed za to \u2013 priam sr\u0161\u00ed pozit\u00edvnou energiou, je mimoriadne sympatick\u00fd a progres\u00edvny. Vo vyu\u017eit\u00ed modern\u00fdch technol\u00f3gi\u00ed a telemedic\u00edny v lie\u010dbe detsk\u00fdch pacientov vid\u00ed pr\u00edle\u017eitos\u0165, ako zlep\u0161i\u0165 \u0161tandard pediatrickej zdravotnej starostlivosti na Slovensku. N\u00e1rodn\u00fd [&hellip;]\" \/>\n<meta property=\"og:url\" content=\"https:\/\/telemon.care\/sk\/v-21-storoci-sa-musime-adaptovat-na-technologicky-boom-mudr-peter-barton\/\" \/>\n<meta property=\"og:site_name\" content=\"Telemon\" \/>\n<meta property=\"article:published_time\" content=\"2024-06-25T12:41:25+00:00\" \/>\n<meta property=\"article:modified_time\" content=\"2026-02-05T14:06:48+00:00\" \/>\n<meta property=\"og:image\" content=\"https:\/\/telemon.care\/wp-content\/uploads\/2026\/02\/o_2645209_1024.jpg\" \/>\n\t<meta property=\"og:image:width\" content=\"1024\" \/>\n\t<meta property=\"og:image:height\" content=\"718\" \/>\n\t<meta property=\"og:image:type\" content=\"image\/jpeg\" \/>\n<meta name=\"author\" content=\"\u013dudmila Slez\u00e1kov\u00e1\" \/>\n<meta name=\"twitter:card\" content=\"summary_large_image\" \/>\n<meta name=\"twitter:label1\" content=\"Autor\" \/>\n\t<meta name=\"twitter:data1\" content=\"\u013dudmila Slez\u00e1kov\u00e1\" \/>\n\t<meta name=\"twitter:label2\" content=\"Predpokladan\u00fd \u010das \u010d\u00edtania\" \/>\n\t<meta name=\"twitter:data2\" content=\"7 min\u00fat\" \/>\n<script type=\"application\/ld+json\" class=\"yoast-schema-graph\">{\"@context\":\"https:\\\/\\\/schema.org\",\"@graph\":[{\"@type\":\"Article\",\"@id\":\"https:\\\/\\\/telemon.care\\\/sk\\\/v-21-storoci-sa-musime-adaptovat-na-technologicky-boom-mudr-peter-barton\\\/#article\",\"isPartOf\":{\"@id\":\"https:\\\/\\\/telemon.care\\\/sk\\\/v-21-storoci-sa-musime-adaptovat-na-technologicky-boom-mudr-peter-barton\\\/\"},\"author\":{\"name\":\"\u013dudmila Slez\u00e1kov\u00e1\",\"@id\":\"https:\\\/\\\/telemon.care\\\/sk\\\/#\\\/schema\\\/person\\\/38dd92134beb968722163325134e886b\"},\"headline\":\"V 21. storo\u010d\u00ed sa mus\u00edme adaptova\u0165 na technologick\u00fd boom. MUDr. Peter Barto\u0148\",\"datePublished\":\"2024-06-25T12:41:25+00:00\",\"dateModified\":\"2026-02-05T14:06:48+00:00\",\"mainEntityOfPage\":{\"@id\":\"https:\\\/\\\/telemon.care\\\/sk\\\/v-21-storoci-sa-musime-adaptovat-na-technologicky-boom-mudr-peter-barton\\\/\"},\"wordCount\":1375,\"commentCount\":0,\"image\":{\"@id\":\"https:\\\/\\\/telemon.care\\\/sk\\\/v-21-storoci-sa-musime-adaptovat-na-technologicky-boom-mudr-peter-barton\\\/#primaryimage\"},\"thumbnailUrl\":\"https:\\\/\\\/telemon.care\\\/wp-content\\\/uploads\\\/2026\\\/02\\\/o_2645209_1024.jpg\",\"articleSection\":[\"Telemedic\u00edna\"],\"inLanguage\":\"sk-SK\",\"potentialAction\":[{\"@type\":\"CommentAction\",\"name\":\"Comment\",\"target\":[\"https:\\\/\\\/telemon.care\\\/sk\\\/v-21-storoci-sa-musime-adaptovat-na-technologicky-boom-mudr-peter-barton\\\/#respond\"]}]},{\"@type\":\"WebPage\",\"@id\":\"https:\\\/\\\/telemon.care\\\/sk\\\/v-21-storoci-sa-musime-adaptovat-na-technologicky-boom-mudr-peter-barton\\\/\",\"url\":\"https:\\\/\\\/telemon.care\\\/sk\\\/v-21-storoci-sa-musime-adaptovat-na-technologicky-boom-mudr-peter-barton\\\/\",\"name\":\"V 21. storo\u010d\u00ed sa mus\u00edme adaptova\u0165 na technologick\u00fd boom. MUDr. Peter Barto\u0148 - Telemon\",\"isPartOf\":{\"@id\":\"https:\\\/\\\/telemon.care\\\/sk\\\/#website\"},\"primaryImageOfPage\":{\"@id\":\"https:\\\/\\\/telemon.care\\\/sk\\\/v-21-storoci-sa-musime-adaptovat-na-technologicky-boom-mudr-peter-barton\\\/#primaryimage\"},\"image\":{\"@id\":\"https:\\\/\\\/telemon.care\\\/sk\\\/v-21-storoci-sa-musime-adaptovat-na-technologicky-boom-mudr-peter-barton\\\/#primaryimage\"},\"thumbnailUrl\":\"https:\\\/\\\/telemon.care\\\/wp-content\\\/uploads\\\/2026\\\/02\\\/o_2645209_1024.jpg\",\"datePublished\":\"2024-06-25T12:41:25+00:00\",\"dateModified\":\"2026-02-05T14:06:48+00:00\",\"author\":{\"@id\":\"https:\\\/\\\/telemon.care\\\/sk\\\/#\\\/schema\\\/person\\\/38dd92134beb968722163325134e886b\"},\"breadcrumb\":{\"@id\":\"https:\\\/\\\/telemon.care\\\/sk\\\/v-21-storoci-sa-musime-adaptovat-na-technologicky-boom-mudr-peter-barton\\\/#breadcrumb\"},\"inLanguage\":\"sk-SK\",\"potentialAction\":[{\"@type\":\"ReadAction\",\"target\":[\"https:\\\/\\\/telemon.care\\\/sk\\\/v-21-storoci-sa-musime-adaptovat-na-technologicky-boom-mudr-peter-barton\\\/\"]}]},{\"@type\":\"ImageObject\",\"inLanguage\":\"sk-SK\",\"@id\":\"https:\\\/\\\/telemon.care\\\/sk\\\/v-21-storoci-sa-musime-adaptovat-na-technologicky-boom-mudr-peter-barton\\\/#primaryimage\",\"url\":\"https:\\\/\\\/telemon.care\\\/wp-content\\\/uploads\\\/2026\\\/02\\\/o_2645209_1024.jpg\",\"contentUrl\":\"https:\\\/\\\/telemon.care\\\/wp-content\\\/uploads\\\/2026\\\/02\\\/o_2645209_1024.jpg\",\"width\":1024,\"height\":718},{\"@type\":\"BreadcrumbList\",\"@id\":\"https:\\\/\\\/telemon.care\\\/sk\\\/v-21-storoci-sa-musime-adaptovat-na-technologicky-boom-mudr-peter-barton\\\/#breadcrumb\",\"itemListElement\":[{\"@type\":\"ListItem\",\"position\":1,\"name\":\"Domovsk\u00e1 str\u00e1nka\",\"item\":\"https:\\\/\\\/telemon.care\\\/sk\\\/\"},{\"@type\":\"ListItem\",\"position\":2,\"name\":\"V 21. storo\u010d\u00ed sa mus\u00edme adaptova\u0165 na technologick\u00fd boom. MUDr. Peter Barto\u0148\"}]},{\"@type\":\"WebSite\",\"@id\":\"https:\\\/\\\/telemon.care\\\/sk\\\/#website\",\"url\":\"https:\\\/\\\/telemon.care\\\/sk\\\/\",\"name\":\"Telemon\",\"description\":\"\",\"potentialAction\":[{\"@type\":\"SearchAction\",\"target\":{\"@type\":\"EntryPoint\",\"urlTemplate\":\"https:\\\/\\\/telemon.care\\\/sk\\\/?s={search_term_string}\"},\"query-input\":{\"@type\":\"PropertyValueSpecification\",\"valueRequired\":true,\"valueName\":\"search_term_string\"}}],\"inLanguage\":\"sk-SK\"},{\"@type\":\"Person\",\"@id\":\"https:\\\/\\\/telemon.care\\\/sk\\\/#\\\/schema\\\/person\\\/38dd92134beb968722163325134e886b\",\"name\":\"\u013dudmila Slez\u00e1kov\u00e1\"}]}<\/script>\n<!-- \/ Yoast SEO plugin. -->","yoast_head_json":{"title":"V 21. storo\u010d\u00ed sa mus\u00edme adaptova\u0165 na technologick\u00fd boom. MUDr. Peter Barto\u0148 - Telemon","robots":{"index":"index","follow":"follow","max-snippet":"max-snippet:-1","max-image-preview":"max-image-preview:large","max-video-preview":"max-video-preview:-1"},"canonical":"https:\/\/telemon.care\/sk\/v-21-storoci-sa-musime-adaptovat-na-technologicky-boom-mudr-peter-barton\/","og_locale":"sk_SK","og_type":"article","og_title":"V 21. storo\u010d\u00ed sa mus\u00edme adaptova\u0165 na technologick\u00fd boom. MUDr. Peter Barto\u0148 - Telemon","og_description":"MUDr. Peter Barto\u0148 je riadite\u013eom N\u00e1rodn\u00e9ho \u00fastavu detsk\u00fdch chor\u00f4b (ND\u00daCH) a z\u00e1rove\u0148 odborn\u00edkom v pediatrickej urol\u00f3gii. Stretnutie s t\u00fdmto pr\u00edjemn\u00fdm lek\u00e1rom stoj\u00ed za to \u2013 priam sr\u0161\u00ed pozit\u00edvnou energiou, je mimoriadne sympatick\u00fd a progres\u00edvny. Vo vyu\u017eit\u00ed modern\u00fdch technol\u00f3gi\u00ed a telemedic\u00edny v lie\u010dbe detsk\u00fdch pacientov vid\u00ed pr\u00edle\u017eitos\u0165, ako zlep\u0161i\u0165 \u0161tandard pediatrickej zdravotnej starostlivosti na Slovensku. N\u00e1rodn\u00fd [&hellip;]","og_url":"https:\/\/telemon.care\/sk\/v-21-storoci-sa-musime-adaptovat-na-technologicky-boom-mudr-peter-barton\/","og_site_name":"Telemon","article_published_time":"2024-06-25T12:41:25+00:00","article_modified_time":"2026-02-05T14:06:48+00:00","og_image":[{"width":1024,"height":718,"url":"https:\/\/telemon.care\/wp-content\/uploads\/2026\/02\/o_2645209_1024.jpg","type":"image\/jpeg"}],"author":"\u013dudmila Slez\u00e1kov\u00e1","twitter_card":"summary_large_image","twitter_misc":{"Autor":"\u013dudmila Slez\u00e1kov\u00e1","Predpokladan\u00fd \u010das \u010d\u00edtania":"7 min\u00fat"},"schema":{"@context":"https:\/\/schema.org","@graph":[{"@type":"Article","@id":"https:\/\/telemon.care\/sk\/v-21-storoci-sa-musime-adaptovat-na-technologicky-boom-mudr-peter-barton\/#article","isPartOf":{"@id":"https:\/\/telemon.care\/sk\/v-21-storoci-sa-musime-adaptovat-na-technologicky-boom-mudr-peter-barton\/"},"author":{"name":"\u013dudmila Slez\u00e1kov\u00e1","@id":"https:\/\/telemon.care\/sk\/#\/schema\/person\/38dd92134beb968722163325134e886b"},"headline":"V 21. storo\u010d\u00ed sa mus\u00edme adaptova\u0165 na technologick\u00fd boom. MUDr. Peter Barto\u0148","datePublished":"2024-06-25T12:41:25+00:00","dateModified":"2026-02-05T14:06:48+00:00","mainEntityOfPage":{"@id":"https:\/\/telemon.care\/sk\/v-21-storoci-sa-musime-adaptovat-na-technologicky-boom-mudr-peter-barton\/"},"wordCount":1375,"commentCount":0,"image":{"@id":"https:\/\/telemon.care\/sk\/v-21-storoci-sa-musime-adaptovat-na-technologicky-boom-mudr-peter-barton\/#primaryimage"},"thumbnailUrl":"https:\/\/telemon.care\/wp-content\/uploads\/2026\/02\/o_2645209_1024.jpg","articleSection":["Telemedic\u00edna"],"inLanguage":"sk-SK","potentialAction":[{"@type":"CommentAction","name":"Comment","target":["https:\/\/telemon.care\/sk\/v-21-storoci-sa-musime-adaptovat-na-technologicky-boom-mudr-peter-barton\/#respond"]}]},{"@type":"WebPage","@id":"https:\/\/telemon.care\/sk\/v-21-storoci-sa-musime-adaptovat-na-technologicky-boom-mudr-peter-barton\/","url":"https:\/\/telemon.care\/sk\/v-21-storoci-sa-musime-adaptovat-na-technologicky-boom-mudr-peter-barton\/","name":"V 21. storo\u010d\u00ed sa mus\u00edme adaptova\u0165 na technologick\u00fd boom. MUDr. Peter Barto\u0148 - Telemon","isPartOf":{"@id":"https:\/\/telemon.care\/sk\/#website"},"primaryImageOfPage":{"@id":"https:\/\/telemon.care\/sk\/v-21-storoci-sa-musime-adaptovat-na-technologicky-boom-mudr-peter-barton\/#primaryimage"},"image":{"@id":"https:\/\/telemon.care\/sk\/v-21-storoci-sa-musime-adaptovat-na-technologicky-boom-mudr-peter-barton\/#primaryimage"},"thumbnailUrl":"https:\/\/telemon.care\/wp-content\/uploads\/2026\/02\/o_2645209_1024.jpg","datePublished":"2024-06-25T12:41:25+00:00","dateModified":"2026-02-05T14:06:48+00:00","author":{"@id":"https:\/\/telemon.care\/sk\/#\/schema\/person\/38dd92134beb968722163325134e886b"},"breadcrumb":{"@id":"https:\/\/telemon.care\/sk\/v-21-storoci-sa-musime-adaptovat-na-technologicky-boom-mudr-peter-barton\/#breadcrumb"},"inLanguage":"sk-SK","potentialAction":[{"@type":"ReadAction","target":["https:\/\/telemon.care\/sk\/v-21-storoci-sa-musime-adaptovat-na-technologicky-boom-mudr-peter-barton\/"]}]},{"@type":"ImageObject","inLanguage":"sk-SK","@id":"https:\/\/telemon.care\/sk\/v-21-storoci-sa-musime-adaptovat-na-technologicky-boom-mudr-peter-barton\/#primaryimage","url":"https:\/\/telemon.care\/wp-content\/uploads\/2026\/02\/o_2645209_1024.jpg","contentUrl":"https:\/\/telemon.care\/wp-content\/uploads\/2026\/02\/o_2645209_1024.jpg","width":1024,"height":718},{"@type":"BreadcrumbList","@id":"https:\/\/telemon.care\/sk\/v-21-storoci-sa-musime-adaptovat-na-technologicky-boom-mudr-peter-barton\/#breadcrumb","itemListElement":[{"@type":"ListItem","position":1,"name":"Domovsk\u00e1 str\u00e1nka","item":"https:\/\/telemon.care\/sk\/"},{"@type":"ListItem","position":2,"name":"V 21. storo\u010d\u00ed sa mus\u00edme adaptova\u0165 na technologick\u00fd boom. MUDr. Peter Barto\u0148"}]},{"@type":"WebSite","@id":"https:\/\/telemon.care\/sk\/#website","url":"https:\/\/telemon.care\/sk\/","name":"Telemon","description":"","potentialAction":[{"@type":"SearchAction","target":{"@type":"EntryPoint","urlTemplate":"https:\/\/telemon.care\/sk\/?s={search_term_string}"},"query-input":{"@type":"PropertyValueSpecification","valueRequired":true,"valueName":"search_term_string"}}],"inLanguage":"sk-SK"},{"@type":"Person","@id":"https:\/\/telemon.care\/sk\/#\/schema\/person\/38dd92134beb968722163325134e886b","name":"\u013dudmila Slez\u00e1kov\u00e1"}]}},"_links":{"self":[{"href":"https:\/\/telemon.care\/sk\/wp-json\/wp\/v2\/posts\/1643","targetHints":{"allow":["GET"]}}],"collection":[{"href":"https:\/\/telemon.care\/sk\/wp-json\/wp\/v2\/posts"}],"about":[{"href":"https:\/\/telemon.care\/sk\/wp-json\/wp\/v2\/types\/post"}],"author":[{"embeddable":true,"href":"https:\/\/telemon.care\/sk\/wp-json\/wp\/v2\/users\/2"}],"replies":[{"embeddable":true,"href":"https:\/\/telemon.care\/sk\/wp-json\/wp\/v2\/comments?post=1643"}],"version-history":[{"count":3,"href":"https:\/\/telemon.care\/sk\/wp-json\/wp\/v2\/posts\/1643\/revisions"}],"predecessor-version":[{"id":1655,"href":"https:\/\/telemon.care\/sk\/wp-json\/wp\/v2\/posts\/1643\/revisions\/1655"}],"wp:featuredmedia":[{"embeddable":true,"href":"https:\/\/telemon.care\/sk\/wp-json\/wp\/v2\/media\/1644"}],"wp:attachment":[{"href":"https:\/\/telemon.care\/sk\/wp-json\/wp\/v2\/media?parent=1643"}],"wp:term":[{"taxonomy":"category","embeddable":true,"href":"https:\/\/telemon.care\/sk\/wp-json\/wp\/v2\/categories?post=1643"},{"taxonomy":"post_tag","embeddable":true,"href":"https:\/\/telemon.care\/sk\/wp-json\/wp\/v2\/tags?post=1643"}],"curies":[{"name":"wp","href":"https:\/\/api.w.org\/{rel}","templated":true}]}}