{"id":1648,"date":"2024-07-09T14:54:50","date_gmt":"2024-07-09T12:54:50","guid":{"rendered":"https:\/\/telemon.care\/?p=1648"},"modified":"2026-02-05T15:01:42","modified_gmt":"2026-02-05T14:01:42","slug":"telemedicina-2024-uspesny-treti-rocnik-konferencie-je-za-nami","status":"publish","type":"post","link":"https:\/\/telemon.care\/sk\/telemedicina-2024-uspesny-treti-rocnik-konferencie-je-za-nami\/","title":{"rendered":"Telemedic\u00edna 2024: \u00daspe\u0161n\u00fd tret\u00ed ro\u010dn\u00edk konferencie je za nami"},"content":{"rendered":"<div class=\"elementor-element elementor-element-d09b7bc e-flex e-con-boxed e-con e-parent e-lazyloaded\" data-particle_enable=\"false\" data-particle-mobile-disabled=\"false\" data-id=\"d09b7bc\" data-element_type=\"container\" data-e-type=\"container\">\n<div class=\"e-con-inner\">\n<div class=\"elementor-element elementor-element-3226179 elementor-widget elementor-widget-heading\" data-id=\"3226179\" data-element_type=\"widget\" data-e-type=\"widget\" data-widget_type=\"heading.default\">\n<div class=\"elementor-widget-container\">\n<h4 class=\"elementor-heading-title elementor-size-default\"><b>V dobe digit\u00e1lnej transform\u00e1cie sa aj zdravotn\u00edctvo pos\u00fava vpred.<\/b> Telemedic\u00edna sa st\u00e1va k\u013e\u00fa\u010dov\u00fdm n\u00e1strojom pre moderniz\u00e1ciu a zlep\u0161enie pr\u00edstupu k starostlivosti. U\u017e po tret\u00edkr\u00e1t sme koncom m\u00e1ja zorganizovali konferenciu Telemedic\u00edna, ktor\u00e1 sa stala platformou pre v\u00fdmenu poznatkov a prezent\u00e1ciu inov\u00e1ci\u00ed v tejto oblasti.<\/h4>\n<\/div>\n<p>&nbsp;<\/p>\n<\/div>\n<\/div>\n<\/div>\n<div class=\"elementor-element elementor-element-b5e50b4 e-con-full e-flex e-con e-parent e-lazyloaded\" data-particle_enable=\"false\" data-particle-mobile-disabled=\"false\" data-id=\"b5e50b4\" data-element_type=\"container\" data-e-type=\"container\">\n<div class=\"elementor-element elementor-element-1fdb489 elementor-widget elementor-widget-spacer\" data-id=\"1fdb489\" data-element_type=\"widget\" data-e-type=\"widget\" data-widget_type=\"spacer.default\">\n<div class=\"elementor-widget-container\">\n<div class=\"elementor-spacer\">\n<h3 class=\"elementor-spacer-inner\">Rekordn\u00e1 \u00fa\u010das\u0165 a \u0161pi\u010dkov\u00fd program<\/h3>\n<\/div>\n<\/div>\n<\/div>\n<div class=\"elementor-element elementor-element-04e54a6 elementor-widget elementor-widget-text-editor\" data-id=\"04e54a6\" data-element_type=\"widget\" data-e-type=\"widget\" data-widget_type=\"text-editor.default\">\n<div class=\"elementor-widget-container\">\n<p>Viac ako 150 odborn\u00edkov, vr\u00e1tane lek\u00e1rov, sestier, mana\u017e\u00e9rov v zdravotn\u00edctve, v\u00fdskumn\u00edkov a technologick\u00fdch inov\u00e1torov, sa z\u00fa\u010dastnilo na konferencii a spoznalo najnov\u0161ie trendy v telemedic\u00edne. Interakt\u00edvne workshopy, panelov\u00e9 diskusie a prezent\u00e1cie technologick\u00fdch rie\u0161en\u00ed im umo\u017enili hlb\u0161ie sa ponori\u0165 do tejto t\u00e9my a diskutova\u0165 o jej bud\u00facnosti.<\/p>\n<p><img decoding=\"async\" class=\"alignnone wp-image-1650\" src=\"https:\/\/telemon.care\/wp-content\/uploads\/2026\/02\/BLOGY-goldman-systems-tema_Telemedicina-2024-Uspesny-treti-rocnik-konferencie-je-za-nami-1024x683-1-300x200.jpg\" alt=\"\" width=\"770\" height=\"513\" srcset=\"https:\/\/telemon.care\/wp-content\/uploads\/2026\/02\/BLOGY-goldman-systems-tema_Telemedicina-2024-Uspesny-treti-rocnik-konferencie-je-za-nami-1024x683-1-300x200.jpg 300w, https:\/\/telemon.care\/wp-content\/uploads\/2026\/02\/BLOGY-goldman-systems-tema_Telemedicina-2024-Uspesny-treti-rocnik-konferencie-je-za-nami-1024x683-1-768x512.jpg 768w, https:\/\/telemon.care\/wp-content\/uploads\/2026\/02\/BLOGY-goldman-systems-tema_Telemedicina-2024-Uspesny-treti-rocnik-konferencie-je-za-nami-1024x683-1.jpg 1024w\" sizes=\"(max-width: 770px) 100vw, 770px\" \/><\/p>\n<div class=\"elementor-element elementor-element-26d7619 elementor-widget elementor-widget-heading\" data-id=\"26d7619\" data-element_type=\"widget\" data-e-type=\"widget\" data-widget_type=\"heading.default\">\n<div class=\"elementor-widget-container\">\n<h3 class=\"elementor-heading-title elementor-size-default\">K\u013e\u00fa\u010dov\u00e9 t\u00e9my a inovat\u00edvne rie\u0161enia<\/h3>\n<\/div>\n<\/div>\n<div class=\"elementor-element elementor-element-bb6d794 elementor-widget elementor-widget-text-editor\" data-id=\"bb6d794\" data-element_type=\"widget\" data-e-type=\"widget\" data-widget_type=\"text-editor.default\">\n<div class=\"elementor-widget-container\">\n<p>Medzi k\u013e\u00fa\u010dov\u00e9 t\u00e9my konferencie patrili:<\/p>\n<\/div>\n<\/div>\n<div class=\"elementor-element elementor-element-99f8cc4 elementor-widget elementor-widget-text-editor\" data-id=\"99f8cc4\" data-element_type=\"widget\" data-e-type=\"widget\" data-widget_type=\"text-editor.default\">\n<div class=\"elementor-widget-container\">\n<ul>\n<li>Vyu\u017eitie telemedic\u00edny na zlep\u0161enie dostupnosti starostlivosti v od\u013eahl\u00fdch oblastiach<\/li>\n<li>Diagnostika a lie\u010dba chronick\u00fdch ochoren\u00ed na dia\u013eku<\/li>\n<li>Telemonitoring a digit\u00e1lne zdravie<\/li>\n<li>Vyu\u017eitie umelej inteligencie v telemedic\u00edne<\/li>\n<li>Etick\u00e9 a pr\u00e1vne aspekty telemedic\u00edny<\/li>\n<\/ul>\n<\/div>\n<\/div>\n<div class=\"elementor-element elementor-element-a4486e2 elementor-widget elementor-widget-text-editor\" data-id=\"a4486e2\" data-element_type=\"widget\" data-e-type=\"widget\" data-widget_type=\"text-editor.default\">\n<div class=\"elementor-widget-container\">\n<p>Jedn\u00fdm z najzauj\u00edmavej\u0161\u00edch inovat\u00edvnych rie\u0161en\u00ed prezentovan\u00fdch na konferencii bol kamerov\u00fd syst\u00e9m s umelou inteligenciou, ktor\u00fd dok\u00e1\u017ee automaticky detekova\u0165 p\u00e1dy pacientov v nemocnici a privola\u0165 pomoc. \u010eal\u0161ie v\u00fdznamn\u00e9 projekty zah\u0155\u0148ali vyu\u017eitie vizu\u00e1lnej komunik\u00e1cie na dia\u013ekov\u00e9 konzult\u00e1cie s pacientmi, syst\u00e9my dlhodob\u00e9ho monitoringu chronicky chor\u00fdch pacientov a elektronick\u00e9 recepty, ktor\u00e9 \u0161etria \u010das a zvy\u0161uj\u00fa bezpe\u010dnos\u0165 pacientov.<br \/>\n<img decoding=\"async\" class=\"alignnone wp-image-1651\" src=\"https:\/\/telemon.care\/wp-content\/uploads\/2026\/02\/BLOGY-goldman-systems-dakujeme_Telemedicina-2024-Uspesny-treti-rocnik-konferencie-je-za-nami-1024x683-1-300x200.jpg\" alt=\"\" width=\"771\" height=\"514\" srcset=\"https:\/\/telemon.care\/wp-content\/uploads\/2026\/02\/BLOGY-goldman-systems-dakujeme_Telemedicina-2024-Uspesny-treti-rocnik-konferencie-je-za-nami-1024x683-1-300x200.jpg 300w, https:\/\/telemon.care\/wp-content\/uploads\/2026\/02\/BLOGY-goldman-systems-dakujeme_Telemedicina-2024-Uspesny-treti-rocnik-konferencie-je-za-nami-1024x683-1-768x512.jpg 768w, https:\/\/telemon.care\/wp-content\/uploads\/2026\/02\/BLOGY-goldman-systems-dakujeme_Telemedicina-2024-Uspesny-treti-rocnik-konferencie-je-za-nami-1024x683-1.jpg 1024w\" sizes=\"(max-width: 771px) 100vw, 771px\" \/><\/p>\n<div class=\"elementor-element elementor-element-f535afe elementor-widget elementor-widget-heading\" data-id=\"f535afe\" data-element_type=\"widget\" data-e-type=\"widget\" data-widget_type=\"heading.default\">\n<div class=\"elementor-widget-container\">\n<h3 class=\"elementor-heading-title elementor-size-default\">Prekonanie v\u00fdziev<\/h3>\n<\/div>\n<\/div>\n<div class=\"elementor-element elementor-element-0a58f4b elementor-widget elementor-widget-text-editor\" data-id=\"0a58f4b\" data-element_type=\"widget\" data-e-type=\"widget\" data-widget_type=\"text-editor.default\">\n<div class=\"elementor-widget-container\">\n<p>Telemedic\u00edna prin\u00e1\u0161a mno\u017estvo v\u00fdhod, od zn\u00ed\u017eenia z\u00e1\u0165a\u017ee zdravotn\u00edckeho person\u00e1lu elimin\u00e1ciu zbyto\u010dn\u00fdch n\u00e1v\u0161tev pacientov v ambulanci\u00e1ch, cez zlep\u0161enie dostupnosti zdravotnej starostlivosti, lep\u0161ie v\u00fdsledky pri lie\u010dbe chronick\u00fdch chor\u00f4b, a\u017e po zv\u00fd\u0161enie kvality \u017eivota pacientov a \u0161etrenie zdrojov vo verejnom zdravotnom poisten\u00ed.<\/p>\n<\/div>\n<\/div>\n<div class=\"elementor-element elementor-element-b7a65f0 elementor-widget elementor-widget-text-editor\" data-id=\"b7a65f0\" data-element_type=\"widget\" data-e-type=\"widget\" data-widget_type=\"text-editor.default\">\n<div class=\"elementor-widget-container\">\n<p>Napriek tomu \u010del\u00edme aj niektor\u00fdm v\u00fdzvam. Nedostatok legislat\u00edvnej \u00fapravy, ch\u00fdbaj\u00face \u00fahradov\u00e9 mechanizmy a obavy z nezn\u00e1meho zo strany pacientov a zdravotn\u00edkov s\u00fa len \u0161pi\u010dkou pomyseln\u00e9ho \u013eadovca. Ver\u00edme v\u0161ak, \u017ee tieto prek\u00e1\u017eky spolo\u010dne prekon\u00e1me a podar\u00ed sa n\u00e1m naplni\u0165 potenci\u00e1l telemedic\u00edny, ktor\u00fd prinesie nov\u00fd \u0161tandard poskytovania zdravotnej starostlivosti.<\/p>\n<h3 class=\"elementor-heading-title elementor-size-default\">\u010eakujeme v\u0161etk\u00fdm \u00fa\u010dastn\u00edkom a partnerom konferencie Telemedic\u00edna 2024! Te\u0161\u00edme sa na \u010fal\u0161ie obohacuj\u00face stretnutie v roku 2025!<\/h3>\n<\/div>\n<\/div>\n<\/div>\n<\/div>\n<\/div>\n<\/div>\n<\/div>\n","protected":false},"excerpt":{"rendered":"<p>V dobe digit\u00e1lnej transform\u00e1cie sa aj zdravotn\u00edctvo pos\u00fava vpred. Telemedic\u00edna sa st\u00e1va k\u013e\u00fa\u010dov\u00fdm n\u00e1strojom pre moderniz\u00e1ciu a zlep\u0161enie pr\u00edstupu k starostlivosti. U\u017e po tret\u00edkr\u00e1t sme koncom m\u00e1ja zorganizovali konferenciu Telemedic\u00edna, ktor\u00e1 sa stala platformou pre v\u00fdmenu poznatkov a prezent\u00e1ciu inov\u00e1ci\u00ed v tejto oblasti. &nbsp; Rekordn\u00e1 \u00fa\u010das\u0165 a \u0161pi\u010dkov\u00fd program Viac ako 150 odborn\u00edkov, vr\u00e1tane lek\u00e1rov, [&hellip;]<\/p>\n","protected":false},"author":2,"featured_media":1649,"comment_status":"open","ping_status":"open","sticky":false,"template":"","format":"standard","meta":{"_acf_changed":false,"footnotes":""},"categories":[47],"tags":[],"class_list":["post-1648","post","type-post","status-publish","format-standard","has-post-thumbnail","hentry","category-telemedicina"],"acf":[],"yoast_head":"<!-- This site is optimized with the Yoast SEO plugin v27.4 - https:\/\/yoast.com\/product\/yoast-seo-wordpress\/ -->\n<title>Telemedic\u00edna 2024: \u00daspe\u0161n\u00fd tret\u00ed ro\u010dn\u00edk konferencie je za nami - Telemon<\/title>\n<meta name=\"robots\" content=\"index, follow, max-snippet:-1, max-image-preview:large, max-video-preview:-1\" \/>\n<link rel=\"canonical\" href=\"https:\/\/telemon.care\/sk\/telemedicina-2024-uspesny-treti-rocnik-konferencie-je-za-nami\/\" \/>\n<meta property=\"og:locale\" content=\"sk_SK\" \/>\n<meta property=\"og:type\" content=\"article\" \/>\n<meta property=\"og:title\" content=\"Telemedic\u00edna 2024: \u00daspe\u0161n\u00fd tret\u00ed ro\u010dn\u00edk konferencie je za nami - Telemon\" \/>\n<meta property=\"og:description\" content=\"V dobe digit\u00e1lnej transform\u00e1cie sa aj zdravotn\u00edctvo pos\u00fava vpred. Telemedic\u00edna sa st\u00e1va k\u013e\u00fa\u010dov\u00fdm n\u00e1strojom pre moderniz\u00e1ciu a zlep\u0161enie pr\u00edstupu k starostlivosti. U\u017e po tret\u00edkr\u00e1t sme koncom m\u00e1ja zorganizovali konferenciu Telemedic\u00edna, ktor\u00e1 sa stala platformou pre v\u00fdmenu poznatkov a prezent\u00e1ciu inov\u00e1ci\u00ed v tejto oblasti. &nbsp; Rekordn\u00e1 \u00fa\u010das\u0165 a \u0161pi\u010dkov\u00fd program Viac ako 150 odborn\u00edkov, vr\u00e1tane lek\u00e1rov, [&hellip;]\" \/>\n<meta property=\"og:url\" content=\"https:\/\/telemon.care\/sk\/telemedicina-2024-uspesny-treti-rocnik-konferencie-je-za-nami\/\" \/>\n<meta property=\"og:site_name\" content=\"Telemon\" \/>\n<meta property=\"article:published_time\" content=\"2024-07-09T12:54:50+00:00\" \/>\n<meta property=\"article:modified_time\" content=\"2026-02-05T14:01:42+00:00\" \/>\n<meta property=\"og:image\" content=\"https:\/\/telemon.care\/wp-content\/uploads\/2026\/02\/uvodna_foto.jpg\" \/>\n\t<meta property=\"og:image:width\" content=\"1600\" \/>\n\t<meta property=\"og:image:height\" content=\"1067\" \/>\n\t<meta property=\"og:image:type\" content=\"image\/jpeg\" \/>\n<meta name=\"author\" content=\"\u013dudmila Slez\u00e1kov\u00e1\" \/>\n<meta name=\"twitter:card\" content=\"summary_large_image\" \/>\n<meta name=\"twitter:label1\" content=\"Autor\" \/>\n\t<meta name=\"twitter:data1\" content=\"\u013dudmila Slez\u00e1kov\u00e1\" \/>\n\t<meta name=\"twitter:label2\" content=\"Predpokladan\u00fd \u010das \u010d\u00edtania\" \/>\n\t<meta name=\"twitter:data2\" content=\"2 min\u00faty\" \/>\n<script type=\"application\/ld+json\" class=\"yoast-schema-graph\">{\"@context\":\"https:\\\/\\\/schema.org\",\"@graph\":[{\"@type\":\"Article\",\"@id\":\"https:\\\/\\\/telemon.care\\\/sk\\\/telemedicina-2024-uspesny-treti-rocnik-konferencie-je-za-nami\\\/#article\",\"isPartOf\":{\"@id\":\"https:\\\/\\\/telemon.care\\\/sk\\\/telemedicina-2024-uspesny-treti-rocnik-konferencie-je-za-nami\\\/\"},\"author\":{\"name\":\"\u013dudmila Slez\u00e1kov\u00e1\",\"@id\":\"https:\\\/\\\/telemon.care\\\/sk\\\/#\\\/schema\\\/person\\\/38dd92134beb968722163325134e886b\"},\"headline\":\"Telemedic\u00edna 2024: \u00daspe\u0161n\u00fd tret\u00ed ro\u010dn\u00edk konferencie je za nami\",\"datePublished\":\"2024-07-09T12:54:50+00:00\",\"dateModified\":\"2026-02-05T14:01:42+00:00\",\"mainEntityOfPage\":{\"@id\":\"https:\\\/\\\/telemon.care\\\/sk\\\/telemedicina-2024-uspesny-treti-rocnik-konferencie-je-za-nami\\\/\"},\"wordCount\":430,\"commentCount\":0,\"image\":{\"@id\":\"https:\\\/\\\/telemon.care\\\/sk\\\/telemedicina-2024-uspesny-treti-rocnik-konferencie-je-za-nami\\\/#primaryimage\"},\"thumbnailUrl\":\"https:\\\/\\\/telemon.care\\\/wp-content\\\/uploads\\\/2026\\\/02\\\/uvodna_foto.jpg\",\"articleSection\":[\"Telemedic\u00edna\"],\"inLanguage\":\"sk-SK\",\"potentialAction\":[{\"@type\":\"CommentAction\",\"name\":\"Comment\",\"target\":[\"https:\\\/\\\/telemon.care\\\/sk\\\/telemedicina-2024-uspesny-treti-rocnik-konferencie-je-za-nami\\\/#respond\"]}]},{\"@type\":\"WebPage\",\"@id\":\"https:\\\/\\\/telemon.care\\\/sk\\\/telemedicina-2024-uspesny-treti-rocnik-konferencie-je-za-nami\\\/\",\"url\":\"https:\\\/\\\/telemon.care\\\/sk\\\/telemedicina-2024-uspesny-treti-rocnik-konferencie-je-za-nami\\\/\",\"name\":\"Telemedic\u00edna 2024: \u00daspe\u0161n\u00fd tret\u00ed ro\u010dn\u00edk konferencie je za nami - Telemon\",\"isPartOf\":{\"@id\":\"https:\\\/\\\/telemon.care\\\/sk\\\/#website\"},\"primaryImageOfPage\":{\"@id\":\"https:\\\/\\\/telemon.care\\\/sk\\\/telemedicina-2024-uspesny-treti-rocnik-konferencie-je-za-nami\\\/#primaryimage\"},\"image\":{\"@id\":\"https:\\\/\\\/telemon.care\\\/sk\\\/telemedicina-2024-uspesny-treti-rocnik-konferencie-je-za-nami\\\/#primaryimage\"},\"thumbnailUrl\":\"https:\\\/\\\/telemon.care\\\/wp-content\\\/uploads\\\/2026\\\/02\\\/uvodna_foto.jpg\",\"datePublished\":\"2024-07-09T12:54:50+00:00\",\"dateModified\":\"2026-02-05T14:01:42+00:00\",\"author\":{\"@id\":\"https:\\\/\\\/telemon.care\\\/sk\\\/#\\\/schema\\\/person\\\/38dd92134beb968722163325134e886b\"},\"breadcrumb\":{\"@id\":\"https:\\\/\\\/telemon.care\\\/sk\\\/telemedicina-2024-uspesny-treti-rocnik-konferencie-je-za-nami\\\/#breadcrumb\"},\"inLanguage\":\"sk-SK\",\"potentialAction\":[{\"@type\":\"ReadAction\",\"target\":[\"https:\\\/\\\/telemon.care\\\/sk\\\/telemedicina-2024-uspesny-treti-rocnik-konferencie-je-za-nami\\\/\"]}]},{\"@type\":\"ImageObject\",\"inLanguage\":\"sk-SK\",\"@id\":\"https:\\\/\\\/telemon.care\\\/sk\\\/telemedicina-2024-uspesny-treti-rocnik-konferencie-je-za-nami\\\/#primaryimage\",\"url\":\"https:\\\/\\\/telemon.care\\\/wp-content\\\/uploads\\\/2026\\\/02\\\/uvodna_foto.jpg\",\"contentUrl\":\"https:\\\/\\\/telemon.care\\\/wp-content\\\/uploads\\\/2026\\\/02\\\/uvodna_foto.jpg\",\"width\":1600,\"height\":1067},{\"@type\":\"BreadcrumbList\",\"@id\":\"https:\\\/\\\/telemon.care\\\/sk\\\/telemedicina-2024-uspesny-treti-rocnik-konferencie-je-za-nami\\\/#breadcrumb\",\"itemListElement\":[{\"@type\":\"ListItem\",\"position\":1,\"name\":\"Domovsk\u00e1 str\u00e1nka\",\"item\":\"https:\\\/\\\/telemon.care\\\/sk\\\/\"},{\"@type\":\"ListItem\",\"position\":2,\"name\":\"Telemedic\u00edna 2024: \u00daspe\u0161n\u00fd tret\u00ed ro\u010dn\u00edk konferencie je za nami\"}]},{\"@type\":\"WebSite\",\"@id\":\"https:\\\/\\\/telemon.care\\\/sk\\\/#website\",\"url\":\"https:\\\/\\\/telemon.care\\\/sk\\\/\",\"name\":\"Telemon\",\"description\":\"\",\"potentialAction\":[{\"@type\":\"SearchAction\",\"target\":{\"@type\":\"EntryPoint\",\"urlTemplate\":\"https:\\\/\\\/telemon.care\\\/sk\\\/?s={search_term_string}\"},\"query-input\":{\"@type\":\"PropertyValueSpecification\",\"valueRequired\":true,\"valueName\":\"search_term_string\"}}],\"inLanguage\":\"sk-SK\"},{\"@type\":\"Person\",\"@id\":\"https:\\\/\\\/telemon.care\\\/sk\\\/#\\\/schema\\\/person\\\/38dd92134beb968722163325134e886b\",\"name\":\"\u013dudmila Slez\u00e1kov\u00e1\"}]}<\/script>\n<!-- \/ Yoast SEO plugin. -->","yoast_head_json":{"title":"Telemedic\u00edna 2024: \u00daspe\u0161n\u00fd tret\u00ed ro\u010dn\u00edk konferencie je za nami - Telemon","robots":{"index":"index","follow":"follow","max-snippet":"max-snippet:-1","max-image-preview":"max-image-preview:large","max-video-preview":"max-video-preview:-1"},"canonical":"https:\/\/telemon.care\/sk\/telemedicina-2024-uspesny-treti-rocnik-konferencie-je-za-nami\/","og_locale":"sk_SK","og_type":"article","og_title":"Telemedic\u00edna 2024: \u00daspe\u0161n\u00fd tret\u00ed ro\u010dn\u00edk konferencie je za nami - Telemon","og_description":"V dobe digit\u00e1lnej transform\u00e1cie sa aj zdravotn\u00edctvo pos\u00fava vpred. Telemedic\u00edna sa st\u00e1va k\u013e\u00fa\u010dov\u00fdm n\u00e1strojom pre moderniz\u00e1ciu a zlep\u0161enie pr\u00edstupu k starostlivosti. U\u017e po tret\u00edkr\u00e1t sme koncom m\u00e1ja zorganizovali konferenciu Telemedic\u00edna, ktor\u00e1 sa stala platformou pre v\u00fdmenu poznatkov a prezent\u00e1ciu inov\u00e1ci\u00ed v tejto oblasti. &nbsp; Rekordn\u00e1 \u00fa\u010das\u0165 a \u0161pi\u010dkov\u00fd program Viac ako 150 odborn\u00edkov, vr\u00e1tane lek\u00e1rov, [&hellip;]","og_url":"https:\/\/telemon.care\/sk\/telemedicina-2024-uspesny-treti-rocnik-konferencie-je-za-nami\/","og_site_name":"Telemon","article_published_time":"2024-07-09T12:54:50+00:00","article_modified_time":"2026-02-05T14:01:42+00:00","og_image":[{"width":1600,"height":1067,"url":"https:\/\/telemon.care\/wp-content\/uploads\/2026\/02\/uvodna_foto.jpg","type":"image\/jpeg"}],"author":"\u013dudmila Slez\u00e1kov\u00e1","twitter_card":"summary_large_image","twitter_misc":{"Autor":"\u013dudmila Slez\u00e1kov\u00e1","Predpokladan\u00fd \u010das \u010d\u00edtania":"2 min\u00faty"},"schema":{"@context":"https:\/\/schema.org","@graph":[{"@type":"Article","@id":"https:\/\/telemon.care\/sk\/telemedicina-2024-uspesny-treti-rocnik-konferencie-je-za-nami\/#article","isPartOf":{"@id":"https:\/\/telemon.care\/sk\/telemedicina-2024-uspesny-treti-rocnik-konferencie-je-za-nami\/"},"author":{"name":"\u013dudmila Slez\u00e1kov\u00e1","@id":"https:\/\/telemon.care\/sk\/#\/schema\/person\/38dd92134beb968722163325134e886b"},"headline":"Telemedic\u00edna 2024: \u00daspe\u0161n\u00fd tret\u00ed ro\u010dn\u00edk konferencie je za nami","datePublished":"2024-07-09T12:54:50+00:00","dateModified":"2026-02-05T14:01:42+00:00","mainEntityOfPage":{"@id":"https:\/\/telemon.care\/sk\/telemedicina-2024-uspesny-treti-rocnik-konferencie-je-za-nami\/"},"wordCount":430,"commentCount":0,"image":{"@id":"https:\/\/telemon.care\/sk\/telemedicina-2024-uspesny-treti-rocnik-konferencie-je-za-nami\/#primaryimage"},"thumbnailUrl":"https:\/\/telemon.care\/wp-content\/uploads\/2026\/02\/uvodna_foto.jpg","articleSection":["Telemedic\u00edna"],"inLanguage":"sk-SK","potentialAction":[{"@type":"CommentAction","name":"Comment","target":["https:\/\/telemon.care\/sk\/telemedicina-2024-uspesny-treti-rocnik-konferencie-je-za-nami\/#respond"]}]},{"@type":"WebPage","@id":"https:\/\/telemon.care\/sk\/telemedicina-2024-uspesny-treti-rocnik-konferencie-je-za-nami\/","url":"https:\/\/telemon.care\/sk\/telemedicina-2024-uspesny-treti-rocnik-konferencie-je-za-nami\/","name":"Telemedic\u00edna 2024: \u00daspe\u0161n\u00fd tret\u00ed ro\u010dn\u00edk konferencie je za nami - Telemon","isPartOf":{"@id":"https:\/\/telemon.care\/sk\/#website"},"primaryImageOfPage":{"@id":"https:\/\/telemon.care\/sk\/telemedicina-2024-uspesny-treti-rocnik-konferencie-je-za-nami\/#primaryimage"},"image":{"@id":"https:\/\/telemon.care\/sk\/telemedicina-2024-uspesny-treti-rocnik-konferencie-je-za-nami\/#primaryimage"},"thumbnailUrl":"https:\/\/telemon.care\/wp-content\/uploads\/2026\/02\/uvodna_foto.jpg","datePublished":"2024-07-09T12:54:50+00:00","dateModified":"2026-02-05T14:01:42+00:00","author":{"@id":"https:\/\/telemon.care\/sk\/#\/schema\/person\/38dd92134beb968722163325134e886b"},"breadcrumb":{"@id":"https:\/\/telemon.care\/sk\/telemedicina-2024-uspesny-treti-rocnik-konferencie-je-za-nami\/#breadcrumb"},"inLanguage":"sk-SK","potentialAction":[{"@type":"ReadAction","target":["https:\/\/telemon.care\/sk\/telemedicina-2024-uspesny-treti-rocnik-konferencie-je-za-nami\/"]}]},{"@type":"ImageObject","inLanguage":"sk-SK","@id":"https:\/\/telemon.care\/sk\/telemedicina-2024-uspesny-treti-rocnik-konferencie-je-za-nami\/#primaryimage","url":"https:\/\/telemon.care\/wp-content\/uploads\/2026\/02\/uvodna_foto.jpg","contentUrl":"https:\/\/telemon.care\/wp-content\/uploads\/2026\/02\/uvodna_foto.jpg","width":1600,"height":1067},{"@type":"BreadcrumbList","@id":"https:\/\/telemon.care\/sk\/telemedicina-2024-uspesny-treti-rocnik-konferencie-je-za-nami\/#breadcrumb","itemListElement":[{"@type":"ListItem","position":1,"name":"Domovsk\u00e1 str\u00e1nka","item":"https:\/\/telemon.care\/sk\/"},{"@type":"ListItem","position":2,"name":"Telemedic\u00edna 2024: \u00daspe\u0161n\u00fd tret\u00ed ro\u010dn\u00edk konferencie je za nami"}]},{"@type":"WebSite","@id":"https:\/\/telemon.care\/sk\/#website","url":"https:\/\/telemon.care\/sk\/","name":"Telemon","description":"","potentialAction":[{"@type":"SearchAction","target":{"@type":"EntryPoint","urlTemplate":"https:\/\/telemon.care\/sk\/?s={search_term_string}"},"query-input":{"@type":"PropertyValueSpecification","valueRequired":true,"valueName":"search_term_string"}}],"inLanguage":"sk-SK"},{"@type":"Person","@id":"https:\/\/telemon.care\/sk\/#\/schema\/person\/38dd92134beb968722163325134e886b","name":"\u013dudmila Slez\u00e1kov\u00e1"}]}},"_links":{"self":[{"href":"https:\/\/telemon.care\/sk\/wp-json\/wp\/v2\/posts\/1648","targetHints":{"allow":["GET"]}}],"collection":[{"href":"https:\/\/telemon.care\/sk\/wp-json\/wp\/v2\/posts"}],"about":[{"href":"https:\/\/telemon.care\/sk\/wp-json\/wp\/v2\/types\/post"}],"author":[{"embeddable":true,"href":"https:\/\/telemon.care\/sk\/wp-json\/wp\/v2\/users\/2"}],"replies":[{"embeddable":true,"href":"https:\/\/telemon.care\/sk\/wp-json\/wp\/v2\/comments?post=1648"}],"version-history":[{"count":2,"href":"https:\/\/telemon.care\/sk\/wp-json\/wp\/v2\/posts\/1648\/revisions"}],"predecessor-version":[{"id":1653,"href":"https:\/\/telemon.care\/sk\/wp-json\/wp\/v2\/posts\/1648\/revisions\/1653"}],"wp:featuredmedia":[{"embeddable":true,"href":"https:\/\/telemon.care\/sk\/wp-json\/wp\/v2\/media\/1649"}],"wp:attachment":[{"href":"https:\/\/telemon.care\/sk\/wp-json\/wp\/v2\/media?parent=1648"}],"wp:term":[{"taxonomy":"category","embeddable":true,"href":"https:\/\/telemon.care\/sk\/wp-json\/wp\/v2\/categories?post=1648"},{"taxonomy":"post_tag","embeddable":true,"href":"https:\/\/telemon.care\/sk\/wp-json\/wp\/v2\/tags?post=1648"}],"curies":[{"name":"wp","href":"https:\/\/api.w.org\/{rel}","templated":true}]}}