{"id":470,"date":"2024-07-19T10:44:09","date_gmt":"2024-07-19T08:44:09","guid":{"rendered":"https:\/\/telemon.care\/how-the-cancer-community-can-help-close-the-care-gap-this-world-cancer-day\/"},"modified":"2025-03-18T17:07:15","modified_gmt":"2025-03-18T16:07:15","slug":"ako-moze-komunita-bojujuca-proti-rakovine-pomoct-zatvorit-medzeru-vo-zdravotnej-starostlivosti-v-den-svetoveho-dna-boja-proti-rakovine","status":"publish","type":"post","link":"https:\/\/telemon.care\/sk\/ako-moze-komunita-bojujuca-proti-rakovine-pomoct-zatvorit-medzeru-vo-zdravotnej-starostlivosti-v-den-svetoveho-dna-boja-proti-rakovine\/","title":{"rendered":"Ako m\u00f4\u017ee komunita bojuj\u00faca proti rakovine pom\u00f4c\u0165 zatvori\u0165 medzeru vo zdravotnej starostlivosti v De\u0148 svetov\u00e9ho d\u0148a boja proti rakovine"},"content":{"rendered":"<p>Ka\u017ed\u00fd rok 4. febru\u00e1ra sa celosvetov\u00e1 komunita spoj\u00ed pri pr\u00edle\u017eitosti Svetov\u00e9ho d\u0148a boja proti rakovine, aby zv\u00fd\u0161ila povedomie a podporila snahy v oblasti prevencie, odhalovania a lie\u010dby rakoviny. Svetov\u00fd de\u0148 boja proti rakovine bol prv\u00fdkr\u00e1t zalo\u017een\u00fd v roku 2000 \u00daniou pre medzin\u00e1rodn\u00fa kontrolu rakoviny.<\/p>\n<h3><strong>Dia\u013ekov\u00fd monitoring pacientov pri rakovine: Pre\u010do je to d\u00f4le\u017eit\u00e9 a ako funguje<\/strong><\/h3>\n<p>Dia\u013ekov\u00fd monitoring pacientov je \u00fa\u010dinnou met\u00f3dou pri spr\u00e1ve onkologickej starostlivosti o pacientov, ako uv\u00e1dza v\u00fdskum zverejnen\u00fd v British Medical Journal. \u0160t\u00fadia uv\u00e1dza, \u017ee 24-hodinov\u00fd dia\u013ekov\u00fd monitoring pacientov preuk\u00e1zal zna\u010dn\u00fd pozit\u00edvny vplyv a m\u00e1 potenci\u00e1l urobi\u0165 \u201cv\u00fdznamn\u00fd rozdiel\u201d v \u017eivotoch \u013eud\u00ed s rakovinou.<\/p>\n<p>Dia\u013ekov\u00fd monitoring pacientov podporuje skor\u00fa identifik\u00e1ciu komplik\u00e1ci\u00ed a v\u010dasn\u00fa starostlivos\u0165 o pacientov s rakovinou, \u010do pom\u00e1ha zabr\u00e1ni\u0165 progresii ochorenia. T\u00fdm, \u017ee sa zameriava na poskytovanie lep\u0161ej starostlivosti o pacientov s rakovinou medzi n\u00e1v\u0161tevami u lek\u00e1ra, doktori m\u00f4\u017eu identifikova\u0165 pacientov s vysok\u00fdm rizikom a koordinova\u0165 \u00fa\u010dinn\u00e9 lie\u010debn\u00e9 pl\u00e1ny sk\u00f4r, ne\u017e bude potrebn\u00e1 hospitaliz\u00e1cia.<\/p>\n<h3><strong>Dia\u013ekov\u00fd monitoring pacientov s rakovinou<\/strong><\/h3>\n<p>Existuje viac ako 100 r\u00f4znych typov rakoviny, a preto nie je prekvapen\u00edm, \u017ee t\u00e1to choroba je spojen\u00e1 s mno\u017estvom pr\u00ed\u010din, pr\u00edznakov a \u010fal\u0161\u00edch ochoren\u00ed. Dia\u013ekov\u00fd monitoring pacientov umo\u017e\u0148uje lek\u00e1rom zisti\u0165, ako dobre pacienti s rakovinou reaguj\u00fa na lie\u010dbu a r\u00fdchlo upravova\u0165 a optimalizova\u0165 kvalitu onkologickej starostlivosti pre svojich pacientov. Skor\u00e1 intervencia tak pom\u00e1ha zn\u00ed\u017ei\u0165 n\u00e1v\u0161tevy pohotovostn\u00fdch oddelen\u00ed a hospitaliz\u00e1cie u pacientov s rakovinou.<\/p>\n<p>V z\u00e1vislosti od typu rakoviny, pr\u00edznakov a s\u00favisiacich ochoren\u00ed pacienta bud\u00fa vhodn\u00e9 r\u00f4zne zariadenia na dia\u013ekov\u00fd monitoring pacientov. Niektor\u00ed pacienti m\u00f4\u017eu ma\u0165 prospech z monitorovania viacer\u00fdch vit\u00e1lnych parametrov.<\/p>\n<p><strong>Sledovanie krvn\u00e9ho tlaku, hmotnosti, hladiny gluk\u00f3zy v krvi a hladiny kysl\u00edka v krvi m\u00f4\u017ee zlep\u0161i\u0165 starostlivos\u0165 o pacientov s rakovinou.<\/strong><\/p>\n","protected":false},"excerpt":{"rendered":"<p>Ka\u017ed\u00fd rok 4. febru\u00e1ra sa celosvetov\u00e1 komunita spoj\u00ed pri pr\u00edle\u017eitosti Svetov\u00e9ho d\u0148a boja proti rakovine, aby zv\u00fd\u0161ila povedomie a podporila snahy v oblasti prevencie, odhalovania a lie\u010dby rakoviny. Svetov\u00fd de\u0148 boja proti rakovine bol prv\u00fdkr\u00e1t zalo\u017een\u00fd v roku 2000 \u00daniou pre medzin\u00e1rodn\u00fa kontrolu rakoviny. Dia\u013ekov\u00fd monitoring pacientov pri rakovine: Pre\u010do je to d\u00f4le\u017eit\u00e9 a ako [&hellip;]<\/p>\n","protected":false},"author":1,"featured_media":210,"comment_status":"open","ping_status":"open","sticky":false,"template":"","format":"standard","meta":{"_acf_changed":false,"footnotes":""},"categories":[29],"tags":[],"class_list":["post-470","post","type-post","status-publish","format-standard","has-post-thumbnail","hentry","category-choroby"],"acf":[],"yoast_head":"<!-- This site is optimized with the Yoast SEO plugin v27.4 - https:\/\/yoast.com\/product\/yoast-seo-wordpress\/ -->\n<title>Ako m\u00f4\u017ee komunita bojuj\u00faca proti rakovine pom\u00f4c\u0165 zatvori\u0165 medzeru vo zdravotnej starostlivosti v De\u0148 svetov\u00e9ho d\u0148a boja proti rakovine - Telemon<\/title>\n<meta name=\"robots\" content=\"index, follow, max-snippet:-1, max-image-preview:large, max-video-preview:-1\" \/>\n<link rel=\"canonical\" href=\"https:\/\/telemon.care\/sk\/ako-moze-komunita-bojujuca-proti-rakovine-pomoct-zatvorit-medzeru-vo-zdravotnej-starostlivosti-v-den-svetoveho-dna-boja-proti-rakovine\/\" \/>\n<meta property=\"og:locale\" content=\"sk_SK\" \/>\n<meta property=\"og:type\" content=\"article\" \/>\n<meta property=\"og:title\" content=\"Ako m\u00f4\u017ee komunita bojuj\u00faca proti rakovine pom\u00f4c\u0165 zatvori\u0165 medzeru vo zdravotnej starostlivosti v De\u0148 svetov\u00e9ho d\u0148a boja proti rakovine - Telemon\" \/>\n<meta property=\"og:description\" content=\"Ka\u017ed\u00fd rok 4. febru\u00e1ra sa celosvetov\u00e1 komunita spoj\u00ed pri pr\u00edle\u017eitosti Svetov\u00e9ho d\u0148a boja proti rakovine, aby zv\u00fd\u0161ila povedomie a podporila snahy v oblasti prevencie, odhalovania a lie\u010dby rakoviny. Svetov\u00fd de\u0148 boja proti rakovine bol prv\u00fdkr\u00e1t zalo\u017een\u00fd v roku 2000 \u00daniou pre medzin\u00e1rodn\u00fa kontrolu rakoviny. Dia\u013ekov\u00fd monitoring pacientov pri rakovine: Pre\u010do je to d\u00f4le\u017eit\u00e9 a ako [&hellip;]\" \/>\n<meta property=\"og:url\" content=\"https:\/\/telemon.care\/sk\/ako-moze-komunita-bojujuca-proti-rakovine-pomoct-zatvorit-medzeru-vo-zdravotnej-starostlivosti-v-den-svetoveho-dna-boja-proti-rakovine\/\" \/>\n<meta property=\"og:site_name\" content=\"Telemon\" \/>\n<meta property=\"article:published_time\" content=\"2024-07-19T08:44:09+00:00\" \/>\n<meta property=\"article:modified_time\" content=\"2025-03-18T16:07:15+00:00\" \/>\n<meta property=\"og:image\" content=\"https:\/\/telemon.care\/wp-content\/uploads\/2024\/07\/How-the-Cancer-Community-e1721378645170.png\" \/>\n\t<meta property=\"og:image:width\" content=\"711\" \/>\n\t<meta property=\"og:image:height\" content=\"408\" \/>\n\t<meta property=\"og:image:type\" content=\"image\/png\" \/>\n<meta name=\"author\" content=\"webhelp\" \/>\n<meta name=\"twitter:card\" content=\"summary_large_image\" \/>\n<meta name=\"twitter:label1\" content=\"Autor\" \/>\n\t<meta name=\"twitter:data1\" content=\"webhelp\" \/>\n\t<meta name=\"twitter:label2\" content=\"Predpokladan\u00fd \u010das \u010d\u00edtania\" \/>\n\t<meta name=\"twitter:data2\" content=\"2 min\u00faty\" \/>\n<script type=\"application\/ld+json\" class=\"yoast-schema-graph\">{\"@context\":\"https:\\\/\\\/schema.org\",\"@graph\":[{\"@type\":\"Article\",\"@id\":\"https:\\\/\\\/telemon.care\\\/sk\\\/ako-moze-komunita-bojujuca-proti-rakovine-pomoct-zatvorit-medzeru-vo-zdravotnej-starostlivosti-v-den-svetoveho-dna-boja-proti-rakovine\\\/#article\",\"isPartOf\":{\"@id\":\"https:\\\/\\\/telemon.care\\\/sk\\\/ako-moze-komunita-bojujuca-proti-rakovine-pomoct-zatvorit-medzeru-vo-zdravotnej-starostlivosti-v-den-svetoveho-dna-boja-proti-rakovine\\\/\"},\"author\":{\"name\":\"webhelp\",\"@id\":\"https:\\\/\\\/telemon.care\\\/sk\\\/#\\\/schema\\\/person\\\/32d915c860405665c3f3266dd8a9925c\"},\"headline\":\"Ako m\u00f4\u017ee komunita bojuj\u00faca proti rakovine pom\u00f4c\u0165 zatvori\u0165 medzeru vo zdravotnej starostlivosti v De\u0148 svetov\u00e9ho d\u0148a boja proti rakovine\",\"datePublished\":\"2024-07-19T08:44:09+00:00\",\"dateModified\":\"2025-03-18T16:07:15+00:00\",\"mainEntityOfPage\":{\"@id\":\"https:\\\/\\\/telemon.care\\\/sk\\\/ako-moze-komunita-bojujuca-proti-rakovine-pomoct-zatvorit-medzeru-vo-zdravotnej-starostlivosti-v-den-svetoveho-dna-boja-proti-rakovine\\\/\"},\"wordCount\":365,\"commentCount\":0,\"image\":{\"@id\":\"https:\\\/\\\/telemon.care\\\/sk\\\/ako-moze-komunita-bojujuca-proti-rakovine-pomoct-zatvorit-medzeru-vo-zdravotnej-starostlivosti-v-den-svetoveho-dna-boja-proti-rakovine\\\/#primaryimage\"},\"thumbnailUrl\":\"https:\\\/\\\/telemon.care\\\/wp-content\\\/uploads\\\/2024\\\/07\\\/How-the-Cancer-Community-e1721378645170.png\",\"articleSection\":[\"Choroby\"],\"inLanguage\":\"sk-SK\",\"potentialAction\":[{\"@type\":\"CommentAction\",\"name\":\"Comment\",\"target\":[\"https:\\\/\\\/telemon.care\\\/sk\\\/ako-moze-komunita-bojujuca-proti-rakovine-pomoct-zatvorit-medzeru-vo-zdravotnej-starostlivosti-v-den-svetoveho-dna-boja-proti-rakovine\\\/#respond\"]}]},{\"@type\":\"WebPage\",\"@id\":\"https:\\\/\\\/telemon.care\\\/sk\\\/ako-moze-komunita-bojujuca-proti-rakovine-pomoct-zatvorit-medzeru-vo-zdravotnej-starostlivosti-v-den-svetoveho-dna-boja-proti-rakovine\\\/\",\"url\":\"https:\\\/\\\/telemon.care\\\/sk\\\/ako-moze-komunita-bojujuca-proti-rakovine-pomoct-zatvorit-medzeru-vo-zdravotnej-starostlivosti-v-den-svetoveho-dna-boja-proti-rakovine\\\/\",\"name\":\"Ako m\u00f4\u017ee komunita bojuj\u00faca proti rakovine pom\u00f4c\u0165 zatvori\u0165 medzeru vo zdravotnej starostlivosti v De\u0148 svetov\u00e9ho d\u0148a boja proti rakovine - Telemon\",\"isPartOf\":{\"@id\":\"https:\\\/\\\/telemon.care\\\/sk\\\/#website\"},\"primaryImageOfPage\":{\"@id\":\"https:\\\/\\\/telemon.care\\\/sk\\\/ako-moze-komunita-bojujuca-proti-rakovine-pomoct-zatvorit-medzeru-vo-zdravotnej-starostlivosti-v-den-svetoveho-dna-boja-proti-rakovine\\\/#primaryimage\"},\"image\":{\"@id\":\"https:\\\/\\\/telemon.care\\\/sk\\\/ako-moze-komunita-bojujuca-proti-rakovine-pomoct-zatvorit-medzeru-vo-zdravotnej-starostlivosti-v-den-svetoveho-dna-boja-proti-rakovine\\\/#primaryimage\"},\"thumbnailUrl\":\"https:\\\/\\\/telemon.care\\\/wp-content\\\/uploads\\\/2024\\\/07\\\/How-the-Cancer-Community-e1721378645170.png\",\"datePublished\":\"2024-07-19T08:44:09+00:00\",\"dateModified\":\"2025-03-18T16:07:15+00:00\",\"author\":{\"@id\":\"https:\\\/\\\/telemon.care\\\/sk\\\/#\\\/schema\\\/person\\\/32d915c860405665c3f3266dd8a9925c\"},\"breadcrumb\":{\"@id\":\"https:\\\/\\\/telemon.care\\\/sk\\\/ako-moze-komunita-bojujuca-proti-rakovine-pomoct-zatvorit-medzeru-vo-zdravotnej-starostlivosti-v-den-svetoveho-dna-boja-proti-rakovine\\\/#breadcrumb\"},\"inLanguage\":\"sk-SK\",\"potentialAction\":[{\"@type\":\"ReadAction\",\"target\":[\"https:\\\/\\\/telemon.care\\\/sk\\\/ako-moze-komunita-bojujuca-proti-rakovine-pomoct-zatvorit-medzeru-vo-zdravotnej-starostlivosti-v-den-svetoveho-dna-boja-proti-rakovine\\\/\"]}]},{\"@type\":\"ImageObject\",\"inLanguage\":\"sk-SK\",\"@id\":\"https:\\\/\\\/telemon.care\\\/sk\\\/ako-moze-komunita-bojujuca-proti-rakovine-pomoct-zatvorit-medzeru-vo-zdravotnej-starostlivosti-v-den-svetoveho-dna-boja-proti-rakovine\\\/#primaryimage\",\"url\":\"https:\\\/\\\/telemon.care\\\/wp-content\\\/uploads\\\/2024\\\/07\\\/How-the-Cancer-Community-e1721378645170.png\",\"contentUrl\":\"https:\\\/\\\/telemon.care\\\/wp-content\\\/uploads\\\/2024\\\/07\\\/How-the-Cancer-Community-e1721378645170.png\",\"width\":711,\"height\":408},{\"@type\":\"BreadcrumbList\",\"@id\":\"https:\\\/\\\/telemon.care\\\/sk\\\/ako-moze-komunita-bojujuca-proti-rakovine-pomoct-zatvorit-medzeru-vo-zdravotnej-starostlivosti-v-den-svetoveho-dna-boja-proti-rakovine\\\/#breadcrumb\",\"itemListElement\":[{\"@type\":\"ListItem\",\"position\":1,\"name\":\"Domovsk\u00e1 str\u00e1nka\",\"item\":\"https:\\\/\\\/telemon.care\\\/sk\\\/\"},{\"@type\":\"ListItem\",\"position\":2,\"name\":\"Ako m\u00f4\u017ee komunita bojuj\u00faca proti rakovine pom\u00f4c\u0165 zatvori\u0165 medzeru vo zdravotnej starostlivosti v De\u0148 svetov\u00e9ho d\u0148a boja proti rakovine\"}]},{\"@type\":\"WebSite\",\"@id\":\"https:\\\/\\\/telemon.care\\\/sk\\\/#website\",\"url\":\"https:\\\/\\\/telemon.care\\\/sk\\\/\",\"name\":\"Telemon\",\"description\":\"\",\"potentialAction\":[{\"@type\":\"SearchAction\",\"target\":{\"@type\":\"EntryPoint\",\"urlTemplate\":\"https:\\\/\\\/telemon.care\\\/sk\\\/?s={search_term_string}\"},\"query-input\":{\"@type\":\"PropertyValueSpecification\",\"valueRequired\":true,\"valueName\":\"search_term_string\"}}],\"inLanguage\":\"sk-SK\"},{\"@type\":\"Person\",\"@id\":\"https:\\\/\\\/telemon.care\\\/sk\\\/#\\\/schema\\\/person\\\/32d915c860405665c3f3266dd8a9925c\",\"name\":\"webhelp\",\"sameAs\":[\"https:\\\/\\\/telemon.care\"]}]}<\/script>\n<!-- \/ Yoast SEO plugin. -->","yoast_head_json":{"title":"Ako m\u00f4\u017ee komunita bojuj\u00faca proti rakovine pom\u00f4c\u0165 zatvori\u0165 medzeru vo zdravotnej starostlivosti v De\u0148 svetov\u00e9ho d\u0148a boja proti rakovine - Telemon","robots":{"index":"index","follow":"follow","max-snippet":"max-snippet:-1","max-image-preview":"max-image-preview:large","max-video-preview":"max-video-preview:-1"},"canonical":"https:\/\/telemon.care\/sk\/ako-moze-komunita-bojujuca-proti-rakovine-pomoct-zatvorit-medzeru-vo-zdravotnej-starostlivosti-v-den-svetoveho-dna-boja-proti-rakovine\/","og_locale":"sk_SK","og_type":"article","og_title":"Ako m\u00f4\u017ee komunita bojuj\u00faca proti rakovine pom\u00f4c\u0165 zatvori\u0165 medzeru vo zdravotnej starostlivosti v De\u0148 svetov\u00e9ho d\u0148a boja proti rakovine - Telemon","og_description":"Ka\u017ed\u00fd rok 4. febru\u00e1ra sa celosvetov\u00e1 komunita spoj\u00ed pri pr\u00edle\u017eitosti Svetov\u00e9ho d\u0148a boja proti rakovine, aby zv\u00fd\u0161ila povedomie a podporila snahy v oblasti prevencie, odhalovania a lie\u010dby rakoviny. Svetov\u00fd de\u0148 boja proti rakovine bol prv\u00fdkr\u00e1t zalo\u017een\u00fd v roku 2000 \u00daniou pre medzin\u00e1rodn\u00fa kontrolu rakoviny. Dia\u013ekov\u00fd monitoring pacientov pri rakovine: Pre\u010do je to d\u00f4le\u017eit\u00e9 a ako [&hellip;]","og_url":"https:\/\/telemon.care\/sk\/ako-moze-komunita-bojujuca-proti-rakovine-pomoct-zatvorit-medzeru-vo-zdravotnej-starostlivosti-v-den-svetoveho-dna-boja-proti-rakovine\/","og_site_name":"Telemon","article_published_time":"2024-07-19T08:44:09+00:00","article_modified_time":"2025-03-18T16:07:15+00:00","og_image":[{"width":711,"height":408,"url":"https:\/\/telemon.care\/wp-content\/uploads\/2024\/07\/How-the-Cancer-Community-e1721378645170.png","type":"image\/png"}],"author":"webhelp","twitter_card":"summary_large_image","twitter_misc":{"Autor":"webhelp","Predpokladan\u00fd \u010das \u010d\u00edtania":"2 min\u00faty"},"schema":{"@context":"https:\/\/schema.org","@graph":[{"@type":"Article","@id":"https:\/\/telemon.care\/sk\/ako-moze-komunita-bojujuca-proti-rakovine-pomoct-zatvorit-medzeru-vo-zdravotnej-starostlivosti-v-den-svetoveho-dna-boja-proti-rakovine\/#article","isPartOf":{"@id":"https:\/\/telemon.care\/sk\/ako-moze-komunita-bojujuca-proti-rakovine-pomoct-zatvorit-medzeru-vo-zdravotnej-starostlivosti-v-den-svetoveho-dna-boja-proti-rakovine\/"},"author":{"name":"webhelp","@id":"https:\/\/telemon.care\/sk\/#\/schema\/person\/32d915c860405665c3f3266dd8a9925c"},"headline":"Ako m\u00f4\u017ee komunita bojuj\u00faca proti rakovine pom\u00f4c\u0165 zatvori\u0165 medzeru vo zdravotnej starostlivosti v De\u0148 svetov\u00e9ho d\u0148a boja proti rakovine","datePublished":"2024-07-19T08:44:09+00:00","dateModified":"2025-03-18T16:07:15+00:00","mainEntityOfPage":{"@id":"https:\/\/telemon.care\/sk\/ako-moze-komunita-bojujuca-proti-rakovine-pomoct-zatvorit-medzeru-vo-zdravotnej-starostlivosti-v-den-svetoveho-dna-boja-proti-rakovine\/"},"wordCount":365,"commentCount":0,"image":{"@id":"https:\/\/telemon.care\/sk\/ako-moze-komunita-bojujuca-proti-rakovine-pomoct-zatvorit-medzeru-vo-zdravotnej-starostlivosti-v-den-svetoveho-dna-boja-proti-rakovine\/#primaryimage"},"thumbnailUrl":"https:\/\/telemon.care\/wp-content\/uploads\/2024\/07\/How-the-Cancer-Community-e1721378645170.png","articleSection":["Choroby"],"inLanguage":"sk-SK","potentialAction":[{"@type":"CommentAction","name":"Comment","target":["https:\/\/telemon.care\/sk\/ako-moze-komunita-bojujuca-proti-rakovine-pomoct-zatvorit-medzeru-vo-zdravotnej-starostlivosti-v-den-svetoveho-dna-boja-proti-rakovine\/#respond"]}]},{"@type":"WebPage","@id":"https:\/\/telemon.care\/sk\/ako-moze-komunita-bojujuca-proti-rakovine-pomoct-zatvorit-medzeru-vo-zdravotnej-starostlivosti-v-den-svetoveho-dna-boja-proti-rakovine\/","url":"https:\/\/telemon.care\/sk\/ako-moze-komunita-bojujuca-proti-rakovine-pomoct-zatvorit-medzeru-vo-zdravotnej-starostlivosti-v-den-svetoveho-dna-boja-proti-rakovine\/","name":"Ako m\u00f4\u017ee komunita bojuj\u00faca proti rakovine pom\u00f4c\u0165 zatvori\u0165 medzeru vo zdravotnej starostlivosti v De\u0148 svetov\u00e9ho d\u0148a boja proti rakovine - Telemon","isPartOf":{"@id":"https:\/\/telemon.care\/sk\/#website"},"primaryImageOfPage":{"@id":"https:\/\/telemon.care\/sk\/ako-moze-komunita-bojujuca-proti-rakovine-pomoct-zatvorit-medzeru-vo-zdravotnej-starostlivosti-v-den-svetoveho-dna-boja-proti-rakovine\/#primaryimage"},"image":{"@id":"https:\/\/telemon.care\/sk\/ako-moze-komunita-bojujuca-proti-rakovine-pomoct-zatvorit-medzeru-vo-zdravotnej-starostlivosti-v-den-svetoveho-dna-boja-proti-rakovine\/#primaryimage"},"thumbnailUrl":"https:\/\/telemon.care\/wp-content\/uploads\/2024\/07\/How-the-Cancer-Community-e1721378645170.png","datePublished":"2024-07-19T08:44:09+00:00","dateModified":"2025-03-18T16:07:15+00:00","author":{"@id":"https:\/\/telemon.care\/sk\/#\/schema\/person\/32d915c860405665c3f3266dd8a9925c"},"breadcrumb":{"@id":"https:\/\/telemon.care\/sk\/ako-moze-komunita-bojujuca-proti-rakovine-pomoct-zatvorit-medzeru-vo-zdravotnej-starostlivosti-v-den-svetoveho-dna-boja-proti-rakovine\/#breadcrumb"},"inLanguage":"sk-SK","potentialAction":[{"@type":"ReadAction","target":["https:\/\/telemon.care\/sk\/ako-moze-komunita-bojujuca-proti-rakovine-pomoct-zatvorit-medzeru-vo-zdravotnej-starostlivosti-v-den-svetoveho-dna-boja-proti-rakovine\/"]}]},{"@type":"ImageObject","inLanguage":"sk-SK","@id":"https:\/\/telemon.care\/sk\/ako-moze-komunita-bojujuca-proti-rakovine-pomoct-zatvorit-medzeru-vo-zdravotnej-starostlivosti-v-den-svetoveho-dna-boja-proti-rakovine\/#primaryimage","url":"https:\/\/telemon.care\/wp-content\/uploads\/2024\/07\/How-the-Cancer-Community-e1721378645170.png","contentUrl":"https:\/\/telemon.care\/wp-content\/uploads\/2024\/07\/How-the-Cancer-Community-e1721378645170.png","width":711,"height":408},{"@type":"BreadcrumbList","@id":"https:\/\/telemon.care\/sk\/ako-moze-komunita-bojujuca-proti-rakovine-pomoct-zatvorit-medzeru-vo-zdravotnej-starostlivosti-v-den-svetoveho-dna-boja-proti-rakovine\/#breadcrumb","itemListElement":[{"@type":"ListItem","position":1,"name":"Domovsk\u00e1 str\u00e1nka","item":"https:\/\/telemon.care\/sk\/"},{"@type":"ListItem","position":2,"name":"Ako m\u00f4\u017ee komunita bojuj\u00faca proti rakovine pom\u00f4c\u0165 zatvori\u0165 medzeru vo zdravotnej starostlivosti v De\u0148 svetov\u00e9ho d\u0148a boja proti rakovine"}]},{"@type":"WebSite","@id":"https:\/\/telemon.care\/sk\/#website","url":"https:\/\/telemon.care\/sk\/","name":"Telemon","description":"","potentialAction":[{"@type":"SearchAction","target":{"@type":"EntryPoint","urlTemplate":"https:\/\/telemon.care\/sk\/?s={search_term_string}"},"query-input":{"@type":"PropertyValueSpecification","valueRequired":true,"valueName":"search_term_string"}}],"inLanguage":"sk-SK"},{"@type":"Person","@id":"https:\/\/telemon.care\/sk\/#\/schema\/person\/32d915c860405665c3f3266dd8a9925c","name":"webhelp","sameAs":["https:\/\/telemon.care"]}]}},"_links":{"self":[{"href":"https:\/\/telemon.care\/sk\/wp-json\/wp\/v2\/posts\/470","targetHints":{"allow":["GET"]}}],"collection":[{"href":"https:\/\/telemon.care\/sk\/wp-json\/wp\/v2\/posts"}],"about":[{"href":"https:\/\/telemon.care\/sk\/wp-json\/wp\/v2\/types\/post"}],"author":[{"embeddable":true,"href":"https:\/\/telemon.care\/sk\/wp-json\/wp\/v2\/users\/1"}],"replies":[{"embeddable":true,"href":"https:\/\/telemon.care\/sk\/wp-json\/wp\/v2\/comments?post=470"}],"version-history":[{"count":2,"href":"https:\/\/telemon.care\/sk\/wp-json\/wp\/v2\/posts\/470\/revisions"}],"predecessor-version":[{"id":1204,"href":"https:\/\/telemon.care\/sk\/wp-json\/wp\/v2\/posts\/470\/revisions\/1204"}],"wp:featuredmedia":[{"embeddable":true,"href":"https:\/\/telemon.care\/sk\/wp-json\/wp\/v2\/media\/210"}],"wp:attachment":[{"href":"https:\/\/telemon.care\/sk\/wp-json\/wp\/v2\/media?parent=470"}],"wp:term":[{"taxonomy":"category","embeddable":true,"href":"https:\/\/telemon.care\/sk\/wp-json\/wp\/v2\/categories?post=470"},{"taxonomy":"post_tag","embeddable":true,"href":"https:\/\/telemon.care\/sk\/wp-json\/wp\/v2\/tags?post=470"}],"curies":[{"name":"wp","href":"https:\/\/api.w.org\/{rel}","templated":true}]}}